{"id":1014,"date":"2014-01-07T18:57:09","date_gmt":"2014-01-07T17:57:09","guid":{"rendered":"https:\/\/www.hospicjumcieszyn.pl\/?p=1014"},"modified":"2014-01-07T18:59:42","modified_gmt":"2014-01-07T17:59:42","slug":"kulig-dla-dzieciakow","status":"publish","type":"post","link":"https:\/\/www.hospicjumcieszyn.pl\/de\/kulig-dla-dzieciakow\/","title":{"rendered":"Kulig dla dzieciak\u00f3w"},"content":{"rendered":"<p style=\"text-align: justify;\">Na przek\u00f3r zimie, kt\u00f3ra &#8211;\u00a0ku rado\u015bci jednych, a niezadowoleniu innych &#8211;\u00a0w tym roku nader oszcz\u0119dnie obdarza nas \u015bniegiem, dnia 25 stycznia organizujemy kulig dla dzieci osieroconych wraz z opiekunami.<\/p>\n<p style=\"text-align: justify;\">Zbi\u00f3rka wszystkich uczestnik\u00f3w, wyposa\u017conych obowi\u0105zkowo w dobre humory, o godzinie 9.50 przy OSP Cieszyn-Mnisztwo, a chwil\u0119 p\u00f3\u017aniej &#8211; o 10.00 na Hajduka. Planowany powr\u00f3t oko\u0142o godziny 13.00.<\/p>\n<p style=\"text-align: justify;\">Jedziemy do Pielgrzymowic do Gospodarstwa Agroturystycznego. Sanna (bez wzgl\u0119du na pogod\u0119!), a p\u00f3\u017aniej pieczenie kie\u0142basek.<\/p>\n<p style=\"text-align: justify;\">Zg\u0142oszenia przyjmuje Halina Sajdok-\u017by\u0142a: 698 815 844.<\/p>\n<p style=\"text-align: justify;\">Serdecznie zapraszamy!<\/p>\n<p>&nbsp;<\/p>\n","protected":false},"excerpt":{"rendered":"<p>Na przek\u00f3r zimie, kt\u00f3ra &#8211;\u00a0ku rado\u015bci jednych, a niezadowoleniu innych &#8211;\u00a0w tym roku nader oszcz\u0119dnie obdarza nas \u015bniegiem, dnia 25 stycznia organizujemy kulig dla dzieci osieroconych wraz z opiekunami. Zbi\u00f3rka wszystkich uczestnik\u00f3w, wyposa\u017conych obowi\u0105zkowo w dobre humory, o godzinie 9.50 przy OSP Cieszyn-Mnisztwo, a chwil\u0119 p\u00f3\u017aniej &#8211; o 10.00 na Hajduka. Planowany powr\u00f3t oko\u0142o godziny &#8230; <a title=\"Kulig dla dzieciak\u00f3w\" class=\"read-more\" href=\"https:\/\/www.hospicjumcieszyn.pl\/de\/kulig-dla-dzieciakow\/\" aria-label=\"Mehr dazu unter Kulig dla dzieciak\u00f3w\">Weiterlesen<\/a><\/p>\n","protected":false},"author":4,"featured_media":0,"comment_status":"closed","ping_status":"closed","sticky":false,"template":"","format":"standard","meta":{"footnotes":""},"categories":[9],"tags":[],"acf":[],"_links":{"self":[{"href":"https:\/\/www.hospicjumcieszyn.pl\/de\/wp-json\/wp\/v2\/posts\/1014"}],"collection":[{"href":"https:\/\/www.hospicjumcieszyn.pl\/de\/wp-json\/wp\/v2\/posts"}],"about":[{"href":"https:\/\/www.hospicjumcieszyn.pl\/de\/wp-json\/wp\/v2\/types\/post"}],"author":[{"embeddable":true,"href":"https:\/\/www.hospicjumcieszyn.pl\/de\/wp-json\/wp\/v2\/users\/4"}],"replies":[{"embeddable":true,"href":"https:\/\/www.hospicjumcieszyn.pl\/de\/wp-json\/wp\/v2\/comments?post=1014"}],"version-history":[{"count":4,"href":"https:\/\/www.hospicjumcieszyn.pl\/de\/wp-json\/wp\/v2\/posts\/1014\/revisions"}],"predecessor-version":[{"id":1018,"href":"https:\/\/www.hospicjumcieszyn.pl\/de\/wp-json\/wp\/v2\/posts\/1014\/revisions\/1018"}],"wp:attachment":[{"href":"https:\/\/www.hospicjumcieszyn.pl\/de\/wp-json\/wp\/v2\/media?parent=1014"}],"wp:term":[{"taxonomy":"category","embeddable":true,"href":"https:\/\/www.hospicjumcieszyn.pl\/de\/wp-json\/wp\/v2\/categories?post=1014"},{"taxonomy":"post_tag","embeddable":true,"href":"https:\/\/www.hospicjumcieszyn.pl\/de\/wp-json\/wp\/v2\/tags?post=1014"}],"curies":[{"name":"wp","href":"https:\/\/api.w.org\/{rel}","templated":true}]}}