{"id":1052,"date":"2014-01-28T17:59:21","date_gmt":"2014-01-28T16:59:21","guid":{"rendered":"https:\/\/www.hospicjumcieszyn.pl\/?p=1052"},"modified":"2014-01-28T18:45:52","modified_gmt":"2014-01-28T17:45:52","slug":"kulig-dzieciakow","status":"publish","type":"post","link":"https:\/\/www.hospicjumcieszyn.pl\/de\/kulig-dzieciakow\/","title":{"rendered":"Kulig dla dzieciak\u00f3w"},"content":{"rendered":"<p style=\"text-align: justify;\">W sobot\u0119 25 stycznia, w samym \u015brodku ferii zimowych, niezra\u017ceni porannym mrozem (- 12 stopni\u00a0Celsjusza!), za to ciep\u0142o ubrani, przyszli\u015bmy na zbi\u00f3rk\u0119 punktualnie i wyruszyli\u015bmy na kulig, organizowany dla naszych dzieci osieroconych.<\/p>\n<p style=\"text-align: justify;\">Pojechali\u015bmy do Pielgrzymowic do Gospodarstwa Agroturystycznego. W tym urokliwym miejscu, niedaleko lasu, czeka\u0142y ju\u017c na nas przygotowane wozy, zaprz\u0119\u017cone w pi\u0119kne konie. Przeja\u017cd\u017cka by\u0142a dla nas niesamowitym prze\u017cyciem, o czym \u015bwiadczy\u0142y u\u015bmiechni\u0119te i zaczerwienione od mrozu buzie dzieciak\u00f3w. Po przeja\u017cd\u017cce na wszystkich czeka\u0142a gor\u0105ca herbatka z sokiem malinowym i ognisko, nad kt\u00f3rym upiekli\u015bmy pyszne kie\u0142baski. Smakowa\u0142y wy\u015bmienicie \ud83d\ude42<\/p>\n<p style=\"text-align: justify;\">Bardzo dzi\u0119kujemy firmie WISPOL &#8211; sponsorowi naszego autobusu wycieczkowego.<\/p>\n<p style=\"text-align: justify;\">A wszystkim dzieciom \u017cyczymy udanych ferii!!! \ud83d\ude42<\/p>\n<div id='gallery-1' class='gallery galleryid-1052 gallery-columns-3 gallery-size-thumbnail'><figure class='gallery-item'>\n\t\t\t<div class='gallery-icon landscape'>\n\t\t\t\t<a href='https:\/\/www.hospicjumcieszyn.pl\/de\/100_8913\/'><img loading=\"lazy\" decoding=\"async\" width=\"180\" height=\"135\" src=\"https:\/\/www.hospicjumcieszyn.pl\/wp-content\/uploads\/2014\/01\/100_8913-180x135.jpg\" class=\"attachment-thumbnail size-thumbnail\" alt=\"\" srcset=\"https:\/\/www.hospicjumcieszyn.pl\/wp-content\/uploads\/2014\/01\/100_8913-180x135.jpg 180w, https:\/\/www.hospicjumcieszyn.pl\/wp-content\/uploads\/2014\/01\/100_8913-363x272.jpg 363w, https:\/\/www.hospicjumcieszyn.pl\/wp-content\/uploads\/2014\/01\/100_8913-726x544.jpg 726w, https:\/\/www.hospicjumcieszyn.pl\/wp-content\/uploads\/2014\/01\/100_8913.jpg 1024w\" sizes=\"(max-width: 180px) 100vw, 180px\" \/><\/a>\n\t\t\t<\/div><\/figure><figure class='gallery-item'>\n\t\t\t<div class='gallery-icon landscape'>\n\t\t\t\t<a href='https:\/\/www.hospicjumcieszyn.pl\/de\/100_8891\/'><img loading=\"lazy\" decoding=\"async\" width=\"180\" height=\"135\" src=\"https:\/\/www.hospicjumcieszyn.pl\/wp-content\/uploads\/2014\/01\/100_8891-180x135.jpg\" class=\"attachment-thumbnail size-thumbnail\" alt=\"\" srcset=\"https:\/\/www.hospicjumcieszyn.pl\/wp-content\/uploads\/2014\/01\/100_8891-180x135.jpg 180w, https:\/\/www.hospicjumcieszyn.pl\/wp-content\/uploads\/2014\/01\/100_8891-363x272.jpg 363w, https:\/\/www.hospicjumcieszyn.pl\/wp-content\/uploads\/2014\/01\/100_8891-726x544.jpg 726w, https:\/\/www.hospicjumcieszyn.pl\/wp-content\/uploads\/2014\/01\/100_8891.jpg 1024w\" sizes=\"(max-width: 180px) 100vw, 180px\" \/><\/a>\n\t\t\t<\/div><\/figure><figure class='gallery-item'>\n\t\t\t<div class='gallery-icon landscape'>\n\t\t\t\t<a href='https:\/\/www.hospicjumcieszyn.pl\/de\/100_8892\/'><img loading=\"lazy\" decoding=\"async\" width=\"180\" height=\"135\" src=\"https:\/\/www.hospicjumcieszyn.pl\/wp-content\/uploads\/2014\/01\/100_8892-180x135.jpg\" class=\"attachment-thumbnail size-thumbnail\" alt=\"\" srcset=\"https:\/\/www.hospicjumcieszyn.pl\/wp-content\/uploads\/2014\/01\/100_8892-180x135.jpg 180w, https:\/\/www.hospicjumcieszyn.pl\/wp-content\/uploads\/2014\/01\/100_8892-363x272.jpg 363w, https:\/\/www.hospicjumcieszyn.pl\/wp-content\/uploads\/2014\/01\/100_8892-726x544.jpg 726w, https:\/\/www.hospicjumcieszyn.pl\/wp-content\/uploads\/2014\/01\/100_8892.jpg 1024w\" sizes=\"(max-width: 180px) 100vw, 180px\" \/><\/a>\n\t\t\t<\/div><\/figure><figure class='gallery-item'>\n\t\t\t<div class='gallery-icon landscape'>\n\t\t\t\t<a href='https:\/\/www.hospicjumcieszyn.pl\/de\/100_8895\/'><img loading=\"lazy\" decoding=\"async\" width=\"180\" height=\"135\" src=\"https:\/\/www.hospicjumcieszyn.pl\/wp-content\/uploads\/2014\/01\/100_8895-180x135.jpg\" class=\"attachment-thumbnail size-thumbnail\" alt=\"\" srcset=\"https:\/\/www.hospicjumcieszyn.pl\/wp-content\/uploads\/2014\/01\/100_8895-180x135.jpg 180w, https:\/\/www.hospicjumcieszyn.pl\/wp-content\/uploads\/2014\/01\/100_8895-363x272.jpg 363w, https:\/\/www.hospicjumcieszyn.pl\/wp-content\/uploads\/2014\/01\/100_8895-726x544.jpg 726w, https:\/\/www.hospicjumcieszyn.pl\/wp-content\/uploads\/2014\/01\/100_8895.jpg 1024w\" sizes=\"(max-width: 180px) 100vw, 180px\" \/><\/a>\n\t\t\t<\/div><\/figure><figure class='gallery-item'>\n\t\t\t<div class='gallery-icon landscape'>\n\t\t\t\t<a href='https:\/\/www.hospicjumcieszyn.pl\/de\/100_8896\/'><img loading=\"lazy\" decoding=\"async\" width=\"180\" height=\"135\" src=\"https:\/\/www.hospicjumcieszyn.pl\/wp-content\/uploads\/2014\/01\/100_8896-180x135.jpg\" class=\"attachment-thumbnail size-thumbnail\" alt=\"\" srcset=\"https:\/\/www.hospicjumcieszyn.pl\/wp-content\/uploads\/2014\/01\/100_8896-180x135.jpg 180w, https:\/\/www.hospicjumcieszyn.pl\/wp-content\/uploads\/2014\/01\/100_8896-363x272.jpg 363w, https:\/\/www.hospicjumcieszyn.pl\/wp-content\/uploads\/2014\/01\/100_8896-726x544.jpg 726w, https:\/\/www.hospicjumcieszyn.pl\/wp-content\/uploads\/2014\/01\/100_8896.jpg 1024w\" sizes=\"(max-width: 180px) 100vw, 180px\" \/><\/a>\n\t\t\t<\/div><\/figure><figure class='gallery-item'>\n\t\t\t<div class='gallery-icon landscape'>\n\t\t\t\t<a href='https:\/\/www.hospicjumcieszyn.pl\/de\/100_8898\/'><img loading=\"lazy\" decoding=\"async\" width=\"180\" height=\"135\" src=\"https:\/\/www.hospicjumcieszyn.pl\/wp-content\/uploads\/2014\/01\/100_8898-180x135.jpg\" class=\"attachment-thumbnail size-thumbnail\" alt=\"\" srcset=\"https:\/\/www.hospicjumcieszyn.pl\/wp-content\/uploads\/2014\/01\/100_8898-180x135.jpg 180w, https:\/\/www.hospicjumcieszyn.pl\/wp-content\/uploads\/2014\/01\/100_8898-363x272.jpg 363w, https:\/\/www.hospicjumcieszyn.pl\/wp-content\/uploads\/2014\/01\/100_8898-726x544.jpg 726w, https:\/\/www.hospicjumcieszyn.pl\/wp-content\/uploads\/2014\/01\/100_8898.jpg 1024w\" sizes=\"(max-width: 180px) 100vw, 180px\" \/><\/a>\n\t\t\t<\/div><\/figure><figure class='gallery-item'>\n\t\t\t<div class='gallery-icon landscape'>\n\t\t\t\t<a href='https:\/\/www.hospicjumcieszyn.pl\/de\/100_8900\/'><img loading=\"lazy\" decoding=\"async\" width=\"180\" height=\"135\" src=\"https:\/\/www.hospicjumcieszyn.pl\/wp-content\/uploads\/2014\/01\/100_8900-180x135.jpg\" class=\"attachment-thumbnail size-thumbnail\" alt=\"\" srcset=\"https:\/\/www.hospicjumcieszyn.pl\/wp-content\/uploads\/2014\/01\/100_8900-180x135.jpg 180w, https:\/\/www.hospicjumcieszyn.pl\/wp-content\/uploads\/2014\/01\/100_8900-363x272.jpg 363w, https:\/\/www.hospicjumcieszyn.pl\/wp-content\/uploads\/2014\/01\/100_8900-726x544.jpg 726w, https:\/\/www.hospicjumcieszyn.pl\/wp-content\/uploads\/2014\/01\/100_8900.jpg 1024w\" sizes=\"(max-width: 180px) 100vw, 180px\" \/><\/a>\n\t\t\t<\/div><\/figure><figure class='gallery-item'>\n\t\t\t<div class='gallery-icon landscape'>\n\t\t\t\t<a href='https:\/\/www.hospicjumcieszyn.pl\/de\/100_8901\/'><img loading=\"lazy\" decoding=\"async\" width=\"180\" height=\"135\" src=\"https:\/\/www.hospicjumcieszyn.pl\/wp-content\/uploads\/2014\/01\/100_8901-180x135.jpg\" class=\"attachment-thumbnail size-thumbnail\" alt=\"\" srcset=\"https:\/\/www.hospicjumcieszyn.pl\/wp-content\/uploads\/2014\/01\/100_8901-180x135.jpg 180w, https:\/\/www.hospicjumcieszyn.pl\/wp-content\/uploads\/2014\/01\/100_8901-363x272.jpg 363w, https:\/\/www.hospicjumcieszyn.pl\/wp-content\/uploads\/2014\/01\/100_8901-726x544.jpg 726w, https:\/\/www.hospicjumcieszyn.pl\/wp-content\/uploads\/2014\/01\/100_8901.jpg 1024w\" sizes=\"(max-width: 180px) 100vw, 180px\" \/><\/a>\n\t\t\t<\/div><\/figure><figure class='gallery-item'>\n\t\t\t<div class='gallery-icon landscape'>\n\t\t\t\t<a href='https:\/\/www.hospicjumcieszyn.pl\/de\/100_8902\/'><img loading=\"lazy\" decoding=\"async\" width=\"180\" height=\"135\" src=\"https:\/\/www.hospicjumcieszyn.pl\/wp-content\/uploads\/2014\/01\/100_8902-180x135.jpg\" class=\"attachment-thumbnail size-thumbnail\" alt=\"\" srcset=\"https:\/\/www.hospicjumcieszyn.pl\/wp-content\/uploads\/2014\/01\/100_8902-180x135.jpg 180w, https:\/\/www.hospicjumcieszyn.pl\/wp-content\/uploads\/2014\/01\/100_8902-363x272.jpg 363w, https:\/\/www.hospicjumcieszyn.pl\/wp-content\/uploads\/2014\/01\/100_8902-726x544.jpg 726w, https:\/\/www.hospicjumcieszyn.pl\/wp-content\/uploads\/2014\/01\/100_8902.jpg 1024w\" sizes=\"(max-width: 180px) 100vw, 180px\" \/><\/a>\n\t\t\t<\/div><\/figure><figure class='gallery-item'>\n\t\t\t<div class='gallery-icon landscape'>\n\t\t\t\t<a href='https:\/\/www.hospicjumcieszyn.pl\/de\/100_8905\/'><img loading=\"lazy\" decoding=\"async\" width=\"180\" height=\"135\" src=\"https:\/\/www.hospicjumcieszyn.pl\/wp-content\/uploads\/2014\/01\/100_8905-180x135.jpg\" class=\"attachment-thumbnail size-thumbnail\" alt=\"\" srcset=\"https:\/\/www.hospicjumcieszyn.pl\/wp-content\/uploads\/2014\/01\/100_8905-180x135.jpg 180w, https:\/\/www.hospicjumcieszyn.pl\/wp-content\/uploads\/2014\/01\/100_8905-363x272.jpg 363w, https:\/\/www.hospicjumcieszyn.pl\/wp-content\/uploads\/2014\/01\/100_8905-726x544.jpg 726w, https:\/\/www.hospicjumcieszyn.pl\/wp-content\/uploads\/2014\/01\/100_8905.jpg 1024w\" sizes=\"(max-width: 180px) 100vw, 180px\" \/><\/a>\n\t\t\t<\/div><\/figure><figure class='gallery-item'>\n\t\t\t<div class='gallery-icon landscape'>\n\t\t\t\t<a href='https:\/\/www.hospicjumcieszyn.pl\/de\/100_8906\/'><img loading=\"lazy\" decoding=\"async\" width=\"180\" height=\"135\" src=\"https:\/\/www.hospicjumcieszyn.pl\/wp-content\/uploads\/2014\/01\/100_8906-180x135.jpg\" class=\"attachment-thumbnail size-thumbnail\" alt=\"\" srcset=\"https:\/\/www.hospicjumcieszyn.pl\/wp-content\/uploads\/2014\/01\/100_8906-180x135.jpg 180w, https:\/\/www.hospicjumcieszyn.pl\/wp-content\/uploads\/2014\/01\/100_8906-363x272.jpg 363w, https:\/\/www.hospicjumcieszyn.pl\/wp-content\/uploads\/2014\/01\/100_8906-726x544.jpg 726w, https:\/\/www.hospicjumcieszyn.pl\/wp-content\/uploads\/2014\/01\/100_8906.jpg 1024w\" sizes=\"(max-width: 180px) 100vw, 180px\" \/><\/a>\n\t\t\t<\/div><\/figure><figure class='gallery-item'>\n\t\t\t<div class='gallery-icon landscape'>\n\t\t\t\t<a href='https:\/\/www.hospicjumcieszyn.pl\/de\/100_8907\/'><img loading=\"lazy\" decoding=\"async\" width=\"180\" height=\"135\" src=\"https:\/\/www.hospicjumcieszyn.pl\/wp-content\/uploads\/2014\/01\/100_8907-180x135.jpg\" class=\"attachment-thumbnail size-thumbnail\" alt=\"\" srcset=\"https:\/\/www.hospicjumcieszyn.pl\/wp-content\/uploads\/2014\/01\/100_8907-180x135.jpg 180w, https:\/\/www.hospicjumcieszyn.pl\/wp-content\/uploads\/2014\/01\/100_8907-363x272.jpg 363w, https:\/\/www.hospicjumcieszyn.pl\/wp-content\/uploads\/2014\/01\/100_8907-726x544.jpg 726w, https:\/\/www.hospicjumcieszyn.pl\/wp-content\/uploads\/2014\/01\/100_8907.jpg 1024w\" sizes=\"(max-width: 180px) 100vw, 180px\" \/><\/a>\n\t\t\t<\/div><\/figure><figure class='gallery-item'>\n\t\t\t<div class='gallery-icon landscape'>\n\t\t\t\t<a href='https:\/\/www.hospicjumcieszyn.pl\/de\/100_8908\/'><img loading=\"lazy\" decoding=\"async\" width=\"180\" height=\"135\" src=\"https:\/\/www.hospicjumcieszyn.pl\/wp-content\/uploads\/2014\/01\/100_8908-180x135.jpg\" class=\"attachment-thumbnail size-thumbnail\" alt=\"\" srcset=\"https:\/\/www.hospicjumcieszyn.pl\/wp-content\/uploads\/2014\/01\/100_8908-180x135.jpg 180w, https:\/\/www.hospicjumcieszyn.pl\/wp-content\/uploads\/2014\/01\/100_8908-363x272.jpg 363w, https:\/\/www.hospicjumcieszyn.pl\/wp-content\/uploads\/2014\/01\/100_8908-726x544.jpg 726w, https:\/\/www.hospicjumcieszyn.pl\/wp-content\/uploads\/2014\/01\/100_8908.jpg 1024w\" sizes=\"(max-width: 180px) 100vw, 180px\" \/><\/a>\n\t\t\t<\/div><\/figure><figure class='gallery-item'>\n\t\t\t<div class='gallery-icon landscape'>\n\t\t\t\t<a href='https:\/\/www.hospicjumcieszyn.pl\/de\/100_8910\/'><img loading=\"lazy\" decoding=\"async\" width=\"180\" height=\"135\" src=\"https:\/\/www.hospicjumcieszyn.pl\/wp-content\/uploads\/2014\/01\/100_8910-180x135.jpg\" class=\"attachment-thumbnail size-thumbnail\" alt=\"\" srcset=\"https:\/\/www.hospicjumcieszyn.pl\/wp-content\/uploads\/2014\/01\/100_8910-180x135.jpg 180w, https:\/\/www.hospicjumcieszyn.pl\/wp-content\/uploads\/2014\/01\/100_8910-363x272.jpg 363w, https:\/\/www.hospicjumcieszyn.pl\/wp-content\/uploads\/2014\/01\/100_8910-726x544.jpg 726w, https:\/\/www.hospicjumcieszyn.pl\/wp-content\/uploads\/2014\/01\/100_8910.jpg 1024w\" sizes=\"(max-width: 180px) 100vw, 180px\" \/><\/a>\n\t\t\t<\/div><\/figure><figure class='gallery-item'>\n\t\t\t<div class='gallery-icon landscape'>\n\t\t\t\t<a href='https:\/\/www.hospicjumcieszyn.pl\/de\/100_8911\/'><img loading=\"lazy\" decoding=\"async\" width=\"180\" height=\"135\" src=\"https:\/\/www.hospicjumcieszyn.pl\/wp-content\/uploads\/2014\/01\/100_8911-180x135.jpg\" class=\"attachment-thumbnail size-thumbnail\" alt=\"\" srcset=\"https:\/\/www.hospicjumcieszyn.pl\/wp-content\/uploads\/2014\/01\/100_8911-180x135.jpg 180w, https:\/\/www.hospicjumcieszyn.pl\/wp-content\/uploads\/2014\/01\/100_8911-363x272.jpg 363w, https:\/\/www.hospicjumcieszyn.pl\/wp-content\/uploads\/2014\/01\/100_8911-726x544.jpg 726w, https:\/\/www.hospicjumcieszyn.pl\/wp-content\/uploads\/2014\/01\/100_8911.jpg 1024w\" sizes=\"(max-width: 180px) 100vw, 180px\" \/><\/a>\n\t\t\t<\/div><\/figure><figure class='gallery-item'>\n\t\t\t<div class='gallery-icon landscape'>\n\t\t\t\t<a href='https:\/\/www.hospicjumcieszyn.pl\/de\/100_8912\/'><img loading=\"lazy\" decoding=\"async\" width=\"180\" height=\"135\" src=\"https:\/\/www.hospicjumcieszyn.pl\/wp-content\/uploads\/2014\/01\/100_8912-180x135.jpg\" class=\"attachment-thumbnail size-thumbnail\" alt=\"\" srcset=\"https:\/\/www.hospicjumcieszyn.pl\/wp-content\/uploads\/2014\/01\/100_8912-180x135.jpg 180w, https:\/\/www.hospicjumcieszyn.pl\/wp-content\/uploads\/2014\/01\/100_8912-363x272.jpg 363w, https:\/\/www.hospicjumcieszyn.pl\/wp-content\/uploads\/2014\/01\/100_8912-726x544.jpg 726w, https:\/\/www.hospicjumcieszyn.pl\/wp-content\/uploads\/2014\/01\/100_8912.jpg 1024w\" sizes=\"(max-width: 180px) 100vw, 180px\" \/><\/a>\n\t\t\t<\/div><\/figure>\n\t\t<\/div>\n\n","protected":false},"excerpt":{"rendered":"<p>W sobot\u0119 25 stycznia, w samym \u015brodku ferii zimowych, niezra\u017ceni porannym mrozem (- 12 stopni\u00a0Celsjusza!), za to ciep\u0142o ubrani, przyszli\u015bmy na zbi\u00f3rk\u0119 punktualnie i wyruszyli\u015bmy na kulig, organizowany dla naszych dzieci osieroconych. Pojechali\u015bmy do Pielgrzymowic do Gospodarstwa Agroturystycznego. W tym urokliwym miejscu, niedaleko lasu, czeka\u0142y ju\u017c na nas przygotowane wozy, zaprz\u0119\u017cone w pi\u0119kne konie. Przeja\u017cd\u017cka &#8230; <a title=\"Kulig dla dzieciak\u00f3w\" class=\"read-more\" href=\"https:\/\/www.hospicjumcieszyn.pl\/de\/kulig-dzieciakow\/\" aria-label=\"Mehr dazu unter Kulig dla dzieciak\u00f3w\">Weiterlesen<\/a><\/p>\n","protected":false},"author":4,"featured_media":1068,"comment_status":"closed","ping_status":"closed","sticky":false,"template":"","format":"standard","meta":{"footnotes":""},"categories":[9],"tags":[],"acf":[],"_links":{"self":[{"href":"https:\/\/www.hospicjumcieszyn.pl\/de\/wp-json\/wp\/v2\/posts\/1052"}],"collection":[{"href":"https:\/\/www.hospicjumcieszyn.pl\/de\/wp-json\/wp\/v2\/posts"}],"about":[{"href":"https:\/\/www.hospicjumcieszyn.pl\/de\/wp-json\/wp\/v2\/types\/post"}],"author":[{"embeddable":true,"href":"https:\/\/www.hospicjumcieszyn.pl\/de\/wp-json\/wp\/v2\/users\/4"}],"replies":[{"embeddable":true,"href":"https:\/\/www.hospicjumcieszyn.pl\/de\/wp-json\/wp\/v2\/comments?post=1052"}],"version-history":[{"count":1,"href":"https:\/\/www.hospicjumcieszyn.pl\/de\/wp-json\/wp\/v2\/posts\/1052\/revisions"}],"predecessor-version":[{"id":1069,"href":"https:\/\/www.hospicjumcieszyn.pl\/de\/wp-json\/wp\/v2\/posts\/1052\/revisions\/1069"}],"wp:featuredmedia":[{"embeddable":true,"href":"https:\/\/www.hospicjumcieszyn.pl\/de\/wp-json\/wp\/v2\/media\/1068"}],"wp:attachment":[{"href":"https:\/\/www.hospicjumcieszyn.pl\/de\/wp-json\/wp\/v2\/media?parent=1052"}],"wp:term":[{"taxonomy":"category","embeddable":true,"href":"https:\/\/www.hospicjumcieszyn.pl\/de\/wp-json\/wp\/v2\/categories?post=1052"},{"taxonomy":"post_tag","embeddable":true,"href":"https:\/\/www.hospicjumcieszyn.pl\/de\/wp-json\/wp\/v2\/tags?post=1052"}],"curies":[{"name":"wp","href":"https:\/\/api.w.org\/{rel}","templated":true}]}}