{"id":10550,"date":"2024-08-24T16:51:25","date_gmt":"2024-08-24T14:51:25","guid":{"rendered":"https:\/\/www.hospicjumcieszyn.pl\/?p=10550"},"modified":"2024-08-24T16:51:26","modified_gmt":"2024-08-24T14:51:26","slug":"zapraszamy-na-iii-rodzinny-piknik-do-goleszowa","status":"publish","type":"post","link":"https:\/\/www.hospicjumcieszyn.pl\/de\/zapraszamy-na-iii-rodzinny-piknik-do-goleszowa\/","title":{"rendered":"Zapraszamy na III Rodzinny Piknik do Goleszowa"},"content":{"rendered":"\n<p>Zostali\u015bmy zaproszeni do udzia\u0142u w III Rodzinnym Pikniku u \u015bw. Micha\u0142a przy parafii pw. \u015bw. Micha\u0142a Archanio\u0142a w Goleszowie. Dzi\u0119ki uprzejmo\u015bci ks. proboszcza Zbigniewa Zachorka nasi wolontariusze b\u0119d\u0105 go\u015bci\u0107 jak w roku ubieg\u0142ym na stoisku z ksi\u0105\u017ck\u0105 przeczytan\u0105. Szukajcie nas w niedziel\u0119 8 wrze\u015bnia, ju\u017c dzi\u015b serdecznie zapraszamy i za ka\u017cdy datek serdecznie dzi\u0119kujemy.<br>Poznacie nas po \u017c\u00f3\u0142tych hospicyjnych barwach i mn\u00f3stwie ciekawych ksi\u0105\u017cek.<br>Do zobaczenia!<\/p>\n\n\n\n<figure class=\"wp-block-image size-large\"><img loading=\"lazy\" decoding=\"async\" width=\"726\" height=\"513\" src=\"https:\/\/www.hospicjumcieszyn.pl\/wp-content\/uploads\/2024\/08\/Book-Store-Poster-in-Green-Yellow-Bold-Style-726x513.jpg\" alt=\"\" class=\"wp-image-10551\" srcset=\"https:\/\/www.hospicjumcieszyn.pl\/wp-content\/uploads\/2024\/08\/Book-Store-Poster-in-Green-Yellow-Bold-Style-726x513.jpg 726w, https:\/\/www.hospicjumcieszyn.pl\/wp-content\/uploads\/2024\/08\/Book-Store-Poster-in-Green-Yellow-Bold-Style-363x257.jpg 363w, https:\/\/www.hospicjumcieszyn.pl\/wp-content\/uploads\/2024\/08\/Book-Store-Poster-in-Green-Yellow-Bold-Style-180x127.jpg 180w, https:\/\/www.hospicjumcieszyn.pl\/wp-content\/uploads\/2024\/08\/Book-Store-Poster-in-Green-Yellow-Bold-Style-768x543.jpg 768w, https:\/\/www.hospicjumcieszyn.pl\/wp-content\/uploads\/2024\/08\/Book-Store-Poster-in-Green-Yellow-Bold-Style-1536x1086.jpg 1536w, https:\/\/www.hospicjumcieszyn.pl\/wp-content\/uploads\/2024\/08\/Book-Store-Poster-in-Green-Yellow-Bold-Style.jpg 1920w\" sizes=\"(max-width: 726px) 100vw, 726px\" \/><\/figure>\n","protected":false},"excerpt":{"rendered":"<p>Zostali\u015bmy zaproszeni do udzia\u0142u w III Rodzinnym Pikniku u \u015bw. Micha\u0142a przy parafii pw. \u015bw. Micha\u0142a Archanio\u0142a w Goleszowie. Dzi\u0119ki uprzejmo\u015bci ks. proboszcza Zbigniewa Zachorka nasi wolontariusze b\u0119d\u0105 go\u015bci\u0107 jak w roku ubieg\u0142ym na stoisku z ksi\u0105\u017ck\u0105 przeczytan\u0105. Szukajcie nas w niedziel\u0119 8 wrze\u015bnia, ju\u017c dzi\u015b serdecznie zapraszamy i za ka\u017cdy datek serdecznie dzi\u0119kujemy.Poznacie nas &#8230; <a title=\"Zapraszamy na III Rodzinny Piknik do Goleszowa\" class=\"read-more\" href=\"https:\/\/www.hospicjumcieszyn.pl\/de\/zapraszamy-na-iii-rodzinny-piknik-do-goleszowa\/\" aria-label=\"Mehr dazu unter Zapraszamy na III Rodzinny Piknik do Goleszowa\">Weiterlesen<\/a><\/p>\n","protected":false},"author":5,"featured_media":0,"comment_status":"closed","ping_status":"closed","sticky":false,"template":"","format":"standard","meta":{"footnotes":""},"categories":[1],"tags":[],"acf":[],"_links":{"self":[{"href":"https:\/\/www.hospicjumcieszyn.pl\/de\/wp-json\/wp\/v2\/posts\/10550"}],"collection":[{"href":"https:\/\/www.hospicjumcieszyn.pl\/de\/wp-json\/wp\/v2\/posts"}],"about":[{"href":"https:\/\/www.hospicjumcieszyn.pl\/de\/wp-json\/wp\/v2\/types\/post"}],"author":[{"embeddable":true,"href":"https:\/\/www.hospicjumcieszyn.pl\/de\/wp-json\/wp\/v2\/users\/5"}],"replies":[{"embeddable":true,"href":"https:\/\/www.hospicjumcieszyn.pl\/de\/wp-json\/wp\/v2\/comments?post=10550"}],"version-history":[{"count":1,"href":"https:\/\/www.hospicjumcieszyn.pl\/de\/wp-json\/wp\/v2\/posts\/10550\/revisions"}],"predecessor-version":[{"id":10554,"href":"https:\/\/www.hospicjumcieszyn.pl\/de\/wp-json\/wp\/v2\/posts\/10550\/revisions\/10554"}],"wp:attachment":[{"href":"https:\/\/www.hospicjumcieszyn.pl\/de\/wp-json\/wp\/v2\/media?parent=10550"}],"wp:term":[{"taxonomy":"category","embeddable":true,"href":"https:\/\/www.hospicjumcieszyn.pl\/de\/wp-json\/wp\/v2\/categories?post=10550"},{"taxonomy":"post_tag","embeddable":true,"href":"https:\/\/www.hospicjumcieszyn.pl\/de\/wp-json\/wp\/v2\/tags?post=10550"}],"curies":[{"name":"wp","href":"https:\/\/api.w.org\/{rel}","templated":true}]}}