{"id":1070,"date":"2014-01-31T20:31:17","date_gmt":"2014-01-31T19:31:17","guid":{"rendered":"https:\/\/www.hospicjumcieszyn.pl\/?p=1070"},"modified":"2014-01-31T20:31:17","modified_gmt":"2014-01-31T19:31:17","slug":"konferencja-czestochowie","status":"publish","type":"post","link":"https:\/\/www.hospicjumcieszyn.pl\/de\/konferencja-czestochowie\/","title":{"rendered":"Konferencja w Cz\u0119stochowie"},"content":{"rendered":"<p style=\"text-align: justify;\">W dniach\u00a024-26 stycznia 2014 odby\u0142a si\u0119\u00a0XVIII Pielgrzymka Hospicj\u00f3w Polskich na Jasn\u0105 G\u00f3r\u0119.<\/p>\n<p style=\"text-align: justify;\">Nie zabrak\u0142o na niej tak\u017ce naszych wolontariuszy. Do Cz\u0119stochowy pojecha\u0142y Dorota Kania, Joanna Piotrowska-Cie\u015blar, Krystyna Sikora i Jolanta P\u0142onka. Wolontariuszki wzi\u0119\u0142y udzia\u0142 w cyklu wyk\u0142ad\u00f3w i warsztat\u00f3w na tematy zwi\u0105zane z rozwojem medycyny paliatywnej w kraju i za granic\u0105, a tak\u017ce o historii za\u0142o\u017cycielek ruchu hospicyjnego\u00a0(C. Sauders i H. Chrzanowskiej) oraz z zakresu duchowo\u015bci (misterium \u015bmierci, komunikacja z rodzin\u0105 po stracie dziecka).<\/p>\n<p style=\"text-align: justify;\">Pobyt na Jasnej G\u00f3rze umo\u017cliwi\u0142 r\u00f3wnie\u017c udzia\u0142 w codziennej Eucharystii w Kaplicy MB Cz\u0119stochowskiej.<\/p>\n<p>&nbsp;<\/p>\n<p>&nbsp;<\/p>\n<div id='gallery-1' class='gallery galleryid-1070 gallery-columns-3 gallery-size-thumbnail'><figure class='gallery-item'>\n\t\t\t<div class='gallery-icon landscape'>\n\t\t\t\t<a href='https:\/\/www.hospicjumcieszyn.pl\/de\/240120141263\/'><img loading=\"lazy\" decoding=\"async\" width=\"180\" height=\"135\" src=\"https:\/\/www.hospicjumcieszyn.pl\/wp-content\/uploads\/2014\/01\/240120141263-180x135.jpg\" class=\"attachment-thumbnail size-thumbnail\" alt=\"\" srcset=\"https:\/\/www.hospicjumcieszyn.pl\/wp-content\/uploads\/2014\/01\/240120141263-180x135.jpg 180w, https:\/\/www.hospicjumcieszyn.pl\/wp-content\/uploads\/2014\/01\/240120141263-363x272.jpg 363w, https:\/\/www.hospicjumcieszyn.pl\/wp-content\/uploads\/2014\/01\/240120141263.jpg 410w\" sizes=\"(max-width: 180px) 100vw, 180px\" \/><\/a>\n\t\t\t<\/div><\/figure><figure class='gallery-item'>\n\t\t\t<div class='gallery-icon landscape'>\n\t\t\t\t<a href='https:\/\/www.hospicjumcieszyn.pl\/de\/260120141277\/'><img loading=\"lazy\" decoding=\"async\" width=\"180\" height=\"135\" src=\"https:\/\/www.hospicjumcieszyn.pl\/wp-content\/uploads\/2014\/01\/260120141277-180x135.jpg\" class=\"attachment-thumbnail size-thumbnail\" alt=\"\" srcset=\"https:\/\/www.hospicjumcieszyn.pl\/wp-content\/uploads\/2014\/01\/260120141277-180x135.jpg 180w, https:\/\/www.hospicjumcieszyn.pl\/wp-content\/uploads\/2014\/01\/260120141277-363x272.jpg 363w, https:\/\/www.hospicjumcieszyn.pl\/wp-content\/uploads\/2014\/01\/260120141277.jpg 410w\" sizes=\"(max-width: 180px) 100vw, 180px\" \/><\/a>\n\t\t\t<\/div><\/figure><figure class='gallery-item'>\n\t\t\t<div class='gallery-icon landscape'>\n\t\t\t\t<a href='https:\/\/www.hospicjumcieszyn.pl\/de\/260120141273\/'><img loading=\"lazy\" decoding=\"async\" width=\"180\" height=\"135\" src=\"https:\/\/www.hospicjumcieszyn.pl\/wp-content\/uploads\/2014\/01\/260120141273-180x135.jpg\" class=\"attachment-thumbnail size-thumbnail\" alt=\"\" srcset=\"https:\/\/www.hospicjumcieszyn.pl\/wp-content\/uploads\/2014\/01\/260120141273-180x135.jpg 180w, https:\/\/www.hospicjumcieszyn.pl\/wp-content\/uploads\/2014\/01\/260120141273-363x272.jpg 363w, https:\/\/www.hospicjumcieszyn.pl\/wp-content\/uploads\/2014\/01\/260120141273.jpg 410w\" sizes=\"(max-width: 180px) 100vw, 180px\" \/><\/a>\n\t\t\t<\/div><\/figure><figure class='gallery-item'>\n\t\t\t<div class='gallery-icon landscape'>\n\t\t\t\t<a href='https:\/\/www.hospicjumcieszyn.pl\/de\/260120141275\/'><img loading=\"lazy\" decoding=\"async\" width=\"180\" height=\"135\" src=\"https:\/\/www.hospicjumcieszyn.pl\/wp-content\/uploads\/2014\/01\/260120141275-180x135.jpg\" class=\"attachment-thumbnail size-thumbnail\" alt=\"\" srcset=\"https:\/\/www.hospicjumcieszyn.pl\/wp-content\/uploads\/2014\/01\/260120141275-180x135.jpg 180w, https:\/\/www.hospicjumcieszyn.pl\/wp-content\/uploads\/2014\/01\/260120141275-363x272.jpg 363w, https:\/\/www.hospicjumcieszyn.pl\/wp-content\/uploads\/2014\/01\/260120141275.jpg 410w\" sizes=\"(max-width: 180px) 100vw, 180px\" \/><\/a>\n\t\t\t<\/div><\/figure>\n\t\t<\/div>\n\n","protected":false},"excerpt":{"rendered":"<p>W dniach\u00a024-26 stycznia 2014 odby\u0142a si\u0119\u00a0XVIII Pielgrzymka Hospicj\u00f3w Polskich na Jasn\u0105 G\u00f3r\u0119. Nie zabrak\u0142o na niej tak\u017ce naszych wolontariuszy. Do Cz\u0119stochowy pojecha\u0142y Dorota Kania, Joanna Piotrowska-Cie\u015blar, Krystyna Sikora i Jolanta P\u0142onka. Wolontariuszki wzi\u0119\u0142y udzia\u0142 w cyklu wyk\u0142ad\u00f3w i warsztat\u00f3w na tematy zwi\u0105zane z rozwojem medycyny paliatywnej w kraju i za granic\u0105, a tak\u017ce o historii &#8230; <a title=\"Konferencja w Cz\u0119stochowie\" class=\"read-more\" href=\"https:\/\/www.hospicjumcieszyn.pl\/de\/konferencja-czestochowie\/\" aria-label=\"Mehr dazu unter Konferencja w Cz\u0119stochowie\">Weiterlesen<\/a><\/p>\n","protected":false},"author":4,"featured_media":0,"comment_status":"closed","ping_status":"closed","sticky":false,"template":"","format":"standard","meta":{"footnotes":""},"categories":[6],"tags":[],"acf":[],"_links":{"self":[{"href":"https:\/\/www.hospicjumcieszyn.pl\/de\/wp-json\/wp\/v2\/posts\/1070"}],"collection":[{"href":"https:\/\/www.hospicjumcieszyn.pl\/de\/wp-json\/wp\/v2\/posts"}],"about":[{"href":"https:\/\/www.hospicjumcieszyn.pl\/de\/wp-json\/wp\/v2\/types\/post"}],"author":[{"embeddable":true,"href":"https:\/\/www.hospicjumcieszyn.pl\/de\/wp-json\/wp\/v2\/users\/4"}],"replies":[{"embeddable":true,"href":"https:\/\/www.hospicjumcieszyn.pl\/de\/wp-json\/wp\/v2\/comments?post=1070"}],"version-history":[{"count":1,"href":"https:\/\/www.hospicjumcieszyn.pl\/de\/wp-json\/wp\/v2\/posts\/1070\/revisions"}],"predecessor-version":[{"id":1075,"href":"https:\/\/www.hospicjumcieszyn.pl\/de\/wp-json\/wp\/v2\/posts\/1070\/revisions\/1075"}],"wp:attachment":[{"href":"https:\/\/www.hospicjumcieszyn.pl\/de\/wp-json\/wp\/v2\/media?parent=1070"}],"wp:term":[{"taxonomy":"category","embeddable":true,"href":"https:\/\/www.hospicjumcieszyn.pl\/de\/wp-json\/wp\/v2\/categories?post=1070"},{"taxonomy":"post_tag","embeddable":true,"href":"https:\/\/www.hospicjumcieszyn.pl\/de\/wp-json\/wp\/v2\/tags?post=1070"}],"curies":[{"name":"wp","href":"https:\/\/api.w.org\/{rel}","templated":true}]}}