{"id":11896,"date":"2025-10-10T22:11:04","date_gmt":"2025-10-10T20:11:04","guid":{"rendered":"https:\/\/www.hospicjumcieszyn.pl\/?p=11896"},"modified":"2025-12-08T22:35:47","modified_gmt":"2025-12-08T21:35:47","slug":"75-lecie-szybina","status":"publish","type":"post","link":"https:\/\/www.hospicjumcieszyn.pl\/de\/75-lecie-szybina\/","title":{"rendered":"75 &#8211; lecie Szybina"},"content":{"rendered":"\n<p>W dniu 10 pa\u017adziernika wolontariuszki Hospicjum Magdalena Przeworska i Iwona Sroczy\u0144ska zosta\u0142y zaproszone na uroczysto\u015b\u0107 75-lecia Zespo\u0142u Szk\u00f3\u0142 im. W. Szybi\u0144skiego, z kt\u00f3r\u0105 wsp\u00f3\u0142pracujemy w ramach kampanii Pola Nadziei. <br>Obecno\u015b\u0107 wolontariuszy by\u0142a wyrazem wzajemnego partnerstwa.<\/p>\n\n\n\n<p>Wolontariusze mieli r\u00f3wnie\u017c okazj\u0119 podzi\u0119kowa\u0107 szkole za  wsparcie oraz zaanga\u017cowanie w kampani\u0119, kt\u00f3ra ka\u017cdego roku pomaga uwra\u017cliwia\u0107 m\u0142odych ludzi na krzywd\u0119 i potrzeby drugiego cz\u0142owieka. Warto przy okazji jubileuszu podkre\u015bli\u0107 dzia\u0142ania uczni\u00f3w na rzecz hospicjum, w tym organizacj\u0119 spotkania dla pa\u0144 &#8211; Dnia Kobiet.<\/p>\n\n\n\n<p>Gratulujemy raz jeszcze pi\u0119knego jubileuszu. Dzi\u0119kujemy za dotychczasow\u0105 wsp\u00f3\u0142prac\u0119 i \u017cyczymy wielu sukces\u00f3w w dalszych dzia\u0142aniach.<\/p>\n\n\n\n<figure class=\"wp-block-image size-large\"><img loading=\"lazy\" decoding=\"async\" width=\"726\" height=\"609\" src=\"https:\/\/www.hospicjumcieszyn.pl\/wp-content\/uploads\/2025\/12\/Photo-Collage-Happy-Family-Minimalist-Simple-Facebook-Post-1-726x609.jpg\" alt=\"\" class=\"wp-image-11897\" srcset=\"https:\/\/www.hospicjumcieszyn.pl\/wp-content\/uploads\/2025\/12\/Photo-Collage-Happy-Family-Minimalist-Simple-Facebook-Post-1-726x609.jpg 726w, https:\/\/www.hospicjumcieszyn.pl\/wp-content\/uploads\/2025\/12\/Photo-Collage-Happy-Family-Minimalist-Simple-Facebook-Post-1-363x304.jpg 363w, https:\/\/www.hospicjumcieszyn.pl\/wp-content\/uploads\/2025\/12\/Photo-Collage-Happy-Family-Minimalist-Simple-Facebook-Post-1-180x151.jpg 180w, https:\/\/www.hospicjumcieszyn.pl\/wp-content\/uploads\/2025\/12\/Photo-Collage-Happy-Family-Minimalist-Simple-Facebook-Post-1-768x644.jpg 768w, https:\/\/www.hospicjumcieszyn.pl\/wp-content\/uploads\/2025\/12\/Photo-Collage-Happy-Family-Minimalist-Simple-Facebook-Post-1.jpg 940w\" sizes=\"(max-width: 726px) 100vw, 726px\" \/><\/figure>\n","protected":false},"excerpt":{"rendered":"<p>W dniu 10 pa\u017adziernika wolontariuszki Hospicjum Magdalena Przeworska i Iwona Sroczy\u0144ska zosta\u0142y zaproszone na uroczysto\u015b\u0107 75-lecia Zespo\u0142u Szk\u00f3\u0142 im. W. Szybi\u0144skiego, z kt\u00f3r\u0105 wsp\u00f3\u0142pracujemy w ramach kampanii Pola Nadziei. Obecno\u015b\u0107 wolontariuszy by\u0142a wyrazem wzajemnego partnerstwa. Wolontariusze mieli r\u00f3wnie\u017c okazj\u0119 podzi\u0119kowa\u0107 szkole za wsparcie oraz zaanga\u017cowanie w kampani\u0119, kt\u00f3ra ka\u017cdego roku pomaga uwra\u017cliwia\u0107 m\u0142odych ludzi na &#8230; <a title=\"75 &#8211; lecie Szybina\" class=\"read-more\" href=\"https:\/\/www.hospicjumcieszyn.pl\/de\/75-lecie-szybina\/\" aria-label=\"Mehr dazu unter 75 &#8211; lecie Szybina\">Weiterlesen<\/a><\/p>\n","protected":false},"author":5,"featured_media":11890,"comment_status":"closed","ping_status":"closed","sticky":false,"template":"","format":"standard","meta":{"footnotes":""},"categories":[8],"tags":[],"acf":[],"_links":{"self":[{"href":"https:\/\/www.hospicjumcieszyn.pl\/de\/wp-json\/wp\/v2\/posts\/11896"}],"collection":[{"href":"https:\/\/www.hospicjumcieszyn.pl\/de\/wp-json\/wp\/v2\/posts"}],"about":[{"href":"https:\/\/www.hospicjumcieszyn.pl\/de\/wp-json\/wp\/v2\/types\/post"}],"author":[{"embeddable":true,"href":"https:\/\/www.hospicjumcieszyn.pl\/de\/wp-json\/wp\/v2\/users\/5"}],"replies":[{"embeddable":true,"href":"https:\/\/www.hospicjumcieszyn.pl\/de\/wp-json\/wp\/v2\/comments?post=11896"}],"version-history":[{"count":1,"href":"https:\/\/www.hospicjumcieszyn.pl\/de\/wp-json\/wp\/v2\/posts\/11896\/revisions"}],"predecessor-version":[{"id":11900,"href":"https:\/\/www.hospicjumcieszyn.pl\/de\/wp-json\/wp\/v2\/posts\/11896\/revisions\/11900"}],"wp:featuredmedia":[{"embeddable":true,"href":"https:\/\/www.hospicjumcieszyn.pl\/de\/wp-json\/wp\/v2\/media\/11890"}],"wp:attachment":[{"href":"https:\/\/www.hospicjumcieszyn.pl\/de\/wp-json\/wp\/v2\/media?parent=11896"}],"wp:term":[{"taxonomy":"category","embeddable":true,"href":"https:\/\/www.hospicjumcieszyn.pl\/de\/wp-json\/wp\/v2\/categories?post=11896"},{"taxonomy":"post_tag","embeddable":true,"href":"https:\/\/www.hospicjumcieszyn.pl\/de\/wp-json\/wp\/v2\/tags?post=11896"}],"curies":[{"name":"wp","href":"https:\/\/api.w.org\/{rel}","templated":true}]}}