{"id":12138,"date":"2026-04-24T23:31:15","date_gmt":"2026-04-24T21:31:15","guid":{"rendered":"https:\/\/www.hospicjumcieszyn.pl\/?p=12138"},"modified":"2026-04-27T23:36:33","modified_gmt":"2026-04-27T21:36:33","slug":"rozdanie-nagrod-w-konkursie","status":"publish","type":"post","link":"https:\/\/www.hospicjumcieszyn.pl\/de\/rozdanie-nagrod-w-konkursie\/","title":{"rendered":"Rozdanie nagr\u00f3d w konkursie"},"content":{"rendered":"\n<p>Dzi\u0119kujemy, \u017ce podj\u0119li\u015bcie wyzwanie i podzielili\u015bcie si\u0119 swoim talentem. Wszystkich uczestnik\u00f3w zapraszamy po odbi\u00f3r pami\u0105tkowych dyplom\u00f3w. Uroczyste wr\u0119czenie nagr\u00f3d odb\u0119dzie si\u0119 29 kwietnia br. o godz. 10.00 w Bibliotece Miejskiej w Cieszynie.<\/p>\n\n\n\n<p>Gratulujemy i trzymamy kciuki za Wasze przysz\u0142e osi\u0105gni\u0119cia! Zapraszamy!<\/p>\n\n\n\n<figure class=\"wp-block-image size-large\"><img loading=\"lazy\" decoding=\"async\" width=\"726\" height=\"407\" src=\"https:\/\/www.hospicjumcieszyn.pl\/wp-content\/uploads\/2026\/04\/XV-POLA-NADZIEI-4-726x407.jpg\" alt=\"\" class=\"wp-image-12139\" srcset=\"https:\/\/www.hospicjumcieszyn.pl\/wp-content\/uploads\/2026\/04\/XV-POLA-NADZIEI-4-726x407.jpg 726w, https:\/\/www.hospicjumcieszyn.pl\/wp-content\/uploads\/2026\/04\/XV-POLA-NADZIEI-4-363x203.jpg 363w, https:\/\/www.hospicjumcieszyn.pl\/wp-content\/uploads\/2026\/04\/XV-POLA-NADZIEI-4-180x101.jpg 180w, https:\/\/www.hospicjumcieszyn.pl\/wp-content\/uploads\/2026\/04\/XV-POLA-NADZIEI-4-768x430.jpg 768w, https:\/\/www.hospicjumcieszyn.pl\/wp-content\/uploads\/2026\/04\/XV-POLA-NADZIEI-4-1536x860.jpg 1536w, https:\/\/www.hospicjumcieszyn.pl\/wp-content\/uploads\/2026\/04\/XV-POLA-NADZIEI-4.jpg 1600w\" sizes=\"(max-width: 726px) 100vw, 726px\" \/><\/figure>\n","protected":false},"excerpt":{"rendered":"<p>Dzi\u0119kujemy, \u017ce podj\u0119li\u015bcie wyzwanie i podzielili\u015bcie si\u0119 swoim talentem. Wszystkich uczestnik\u00f3w zapraszamy po odbi\u00f3r pami\u0105tkowych dyplom\u00f3w. Uroczyste wr\u0119czenie nagr\u00f3d odb\u0119dzie si\u0119 29 kwietnia br. o godz. 10.00 w Bibliotece Miejskiej w Cieszynie. Gratulujemy i trzymamy kciuki za Wasze przysz\u0142e osi\u0105gni\u0119cia! Zapraszamy!<\/p>\n","protected":false},"author":5,"featured_media":12139,"comment_status":"closed","ping_status":"closed","sticky":false,"template":"","format":"standard","meta":{"footnotes":""},"categories":[8],"tags":[],"acf":[],"_links":{"self":[{"href":"https:\/\/www.hospicjumcieszyn.pl\/de\/wp-json\/wp\/v2\/posts\/12138"}],"collection":[{"href":"https:\/\/www.hospicjumcieszyn.pl\/de\/wp-json\/wp\/v2\/posts"}],"about":[{"href":"https:\/\/www.hospicjumcieszyn.pl\/de\/wp-json\/wp\/v2\/types\/post"}],"author":[{"embeddable":true,"href":"https:\/\/www.hospicjumcieszyn.pl\/de\/wp-json\/wp\/v2\/users\/5"}],"replies":[{"embeddable":true,"href":"https:\/\/www.hospicjumcieszyn.pl\/de\/wp-json\/wp\/v2\/comments?post=12138"}],"version-history":[{"count":1,"href":"https:\/\/www.hospicjumcieszyn.pl\/de\/wp-json\/wp\/v2\/posts\/12138\/revisions"}],"predecessor-version":[{"id":12142,"href":"https:\/\/www.hospicjumcieszyn.pl\/de\/wp-json\/wp\/v2\/posts\/12138\/revisions\/12142"}],"wp:featuredmedia":[{"embeddable":true,"href":"https:\/\/www.hospicjumcieszyn.pl\/de\/wp-json\/wp\/v2\/media\/12139"}],"wp:attachment":[{"href":"https:\/\/www.hospicjumcieszyn.pl\/de\/wp-json\/wp\/v2\/media?parent=12138"}],"wp:term":[{"taxonomy":"category","embeddable":true,"href":"https:\/\/www.hospicjumcieszyn.pl\/de\/wp-json\/wp\/v2\/categories?post=12138"},{"taxonomy":"post_tag","embeddable":true,"href":"https:\/\/www.hospicjumcieszyn.pl\/de\/wp-json\/wp\/v2\/tags?post=12138"}],"curies":[{"name":"wp","href":"https:\/\/api.w.org\/{rel}","templated":true}]}}