{"id":1248,"date":"2014-05-21T19:26:59","date_gmt":"2014-05-21T17:26:59","guid":{"rendered":"https:\/\/www.hospicjumcieszyn.pl\/?p=1248"},"modified":"2014-05-22T19:53:37","modified_gmt":"2014-05-22T17:53:37","slug":"podsumowanie-pol-nadziei-20132014","status":"publish","type":"post","link":"https:\/\/www.hospicjumcieszyn.pl\/de\/podsumowanie-pol-nadziei-20132014\/","title":{"rendered":"Podsumowanie P\u00f3l Nadziei 2013\/2014"},"content":{"rendered":"<p style=\"text-align: justify;\">Kolejna edycja P\u00f3l Nadziei za nami!<\/p>\n<p style=\"text-align: justify;\">Nasze Hospicjum ju\u017c trzeci raz bra\u0142o udzia\u0142 w tej og\u00f3lnopolskiej kampanii. Jej celem jest propagowanie idei hospicyjnej oraz zbieranie funduszy na dzia\u0142alno\u015b\u0107 hospicyjn\u0105.<\/p>\n<p style=\"text-align: justify;\">Zaczynamy jesieni\u0105 sadzeniem \u017conkili, a wiosn\u0105 organizujemy r\u00f3\u017cne inicjatywy &#8211; w tym roku odby\u0142 si\u0119 konkurs plastyczny na \u017conkilow\u0105 zak\u0142adk\u0119 do ksi\u0105\u017cki. Wa\u017cnym elementem kampanii s\u0105 tak\u017ce zbi\u00f3rki pieni\u0119\u017cne. W tym roku uda\u0142o si\u0119 zebra\u0107 przed ko\u015bcio\u0142ami 9 648 PLN, 270 CZK oraz 5 EUR. Serdecznie dzi\u0119kujemy wszystkim, kt\u00f3rzy przy\u0142\u0105czyli si\u0119 do zbi\u00f3rek. Zebrane pieni\u0105dze zostan\u0105 przeznaczone na sprz\u0119t rehabilitacyjny oraz dla najbardziej potrzebuj\u0105cych.<\/p>\n<p style=\"text-align: justify;\">W \u015brod\u0119 14 maja w Cieszy\u0144skim O\u015brodku Kultury odby\u0142o si\u0119 podsumowanie tegorocznej edycji P\u00f3l Nadziei.\u00a0Pomimo brzydkiej pogody sala widowiskowa zape\u0142ni\u0142a si\u0119 przedszkolakami z Przedszkola nr 7 na Mnisztwie, Niepublicznego Przedszkola im. Jasia i Ma\u0142gosi oraz Niepublicznego Przedszkola Tw\u00f3rczego To Tu, a tak\u017ce uczniami ze Szko\u0142y Podstawowej nr 3 z Oddzia\u0142ami Integracyjnymi. Wszystkie dzieciaki by\u0142y poubierane na \u017c\u00f3\u0142to, a wi\u0119c zapomnieli\u015bmy o deszczu, bo w\u015br\u00f3d nas by\u0142o s\u0142onecznie i weso\u0142o. Z wielk\u0105 ciekawo\u015bci\u0105 mogli\u015bmy obejrze\u0107 bajk\u0119 z prozdrowotnym przes\u0142aniem, przygotowan\u0105 przez uczni\u00f3w Szko\u0142y Podstawowej nr 3, a potem by\u0142y podzi\u0119kowania oraz wr\u0119czenie nagr\u00f3d i dyplom\u00f3w w konkursie plastycznym na \u017conkilow\u0105 zak\u0142adk\u0119 do ksi\u0105\u017cki. Oto nagrodzeni:<\/p>\n<p style=\"text-align: justify;\">W kategorii przedszkola:<\/p>\n<p style=\"text-align: justify;\">I miejsce &#8211; Natalia Kostka<\/p>\n<p style=\"text-align: justify;\">II miejsce &#8211; Sebastian Sta\u0144co<\/p>\n<p style=\"text-align: justify;\">III miejsce &#8211; Feliks Wolny<\/p>\n<p style=\"text-align: justify;\">Wyr\u00f3\u017cnienia: Niepubliczne Przedszkole im. Jasia i Ma\u0142gosi, Niepubliczne Przedszkole Tw\u00f3rcze To Tu, Przedszkole nr 7 oraz Beata W\u00f3jciak.<\/p>\n<p style=\"text-align: justify;\">W kategorii szko\u0142a podstawowa:<\/p>\n<p style=\"text-align: justify;\">I miejsce &#8211; Samanta G\u00f3rniak<\/p>\n<p style=\"text-align: justify;\">II miejsce &#8211; Oliwia W\u0119glorz<\/p>\n<p style=\"text-align: justify;\">III miejsce &#8211; Sebastian G\u00f3rniak i Adam \u0141ukasiak<\/p>\n<p style=\"text-align: justify;\">Wyr\u00f3\u017cnienia: Agnieszka Mo\u0142drzyk i Lilianna Kistowska<\/p>\n<p style=\"text-align: justify;\">Dzi\u0119kujemy wszystkim za udzia\u0142 w konkursie, a laureatom serdecznie gratulujemy! Pi\u0119kne \u017conkilowe zak\u0142adki do ksi\u0105\u017cek &#8211; pok\u0142osie konkursu &#8211; trafi\u0105 do naszych hospicyjnych podopiecznych.<\/p>\n<p style=\"text-align: justify;\">Dzi\u0119kujemy organizatorom kampanii: naszemu koordynatorowi &#8211; Halinie Sajdok-\u017byle, wolontariuszom Hospicjum, Dyrekcji oraz pracownikom Biblioteki Miejskiej w Cieszynie oraz sponsorowi &#8211; firmie Canea Pl Sp. z o. o. z Ogrodzonej.<\/p>\n<p style=\"text-align: justify;\">W spos\u00f3b szczeg\u00f3lny dzi\u0119kujemy tak\u017ce wszystkim plac\u00f3wkom o\u015bwiatowym, kt\u00f3re uczestniczy\u0142y w Polach Nadziei i mamy nadziej\u0119 &#8211; do zobaczenia znowu jesieni\u0105 przy sadzeniu \u017conkilowych cebulek \ud83d\ude42<\/p>\n<div id='gallery-1' class='gallery galleryid-1248 gallery-columns-3 gallery-size-thumbnail'><figure class='gallery-item'>\n\t\t\t<div class='gallery-icon landscape'>\n\t\t\t\t<a href='https:\/\/www.hospicjumcieszyn.pl\/de\/img_7171\/'><img loading=\"lazy\" decoding=\"async\" width=\"180\" height=\"114\" src=\"https:\/\/www.hospicjumcieszyn.pl\/wp-content\/uploads\/2014\/05\/IMG_7171-180x114.jpg\" class=\"attachment-thumbnail size-thumbnail\" alt=\"\" srcset=\"https:\/\/www.hospicjumcieszyn.pl\/wp-content\/uploads\/2014\/05\/IMG_7171-180x114.jpg 180w, https:\/\/www.hospicjumcieszyn.pl\/wp-content\/uploads\/2014\/05\/IMG_7171-363x230.jpg 363w, https:\/\/www.hospicjumcieszyn.pl\/wp-content\/uploads\/2014\/05\/IMG_7171-726x460.jpg 726w, https:\/\/www.hospicjumcieszyn.pl\/wp-content\/uploads\/2014\/05\/IMG_7171.jpg 1024w\" sizes=\"(max-width: 180px) 100vw, 180px\" \/><\/a>\n\t\t\t<\/div><\/figure><figure class='gallery-item'>\n\t\t\t<div class='gallery-icon landscape'>\n\t\t\t\t<a href='https:\/\/www.hospicjumcieszyn.pl\/de\/img_7007\/'><img loading=\"lazy\" decoding=\"async\" width=\"180\" height=\"119\" src=\"https:\/\/www.hospicjumcieszyn.pl\/wp-content\/uploads\/2014\/05\/IMG_7007-180x119.jpg\" class=\"attachment-thumbnail size-thumbnail\" alt=\"\" srcset=\"https:\/\/www.hospicjumcieszyn.pl\/wp-content\/uploads\/2014\/05\/IMG_7007-180x119.jpg 180w, https:\/\/www.hospicjumcieszyn.pl\/wp-content\/uploads\/2014\/05\/IMG_7007-363x241.jpg 363w, https:\/\/www.hospicjumcieszyn.pl\/wp-content\/uploads\/2014\/05\/IMG_7007-726x483.jpg 726w, https:\/\/www.hospicjumcieszyn.pl\/wp-content\/uploads\/2014\/05\/IMG_7007.jpg 800w\" sizes=\"(max-width: 180px) 100vw, 180px\" \/><\/a>\n\t\t\t<\/div><\/figure><figure class='gallery-item'>\n\t\t\t<div class='gallery-icon landscape'>\n\t\t\t\t<a href='https:\/\/www.hospicjumcieszyn.pl\/de\/img_7023\/'><img loading=\"lazy\" decoding=\"async\" width=\"180\" height=\"111\" src=\"https:\/\/www.hospicjumcieszyn.pl\/wp-content\/uploads\/2014\/05\/IMG_7023-180x111.jpg\" class=\"attachment-thumbnail size-thumbnail\" alt=\"\" srcset=\"https:\/\/www.hospicjumcieszyn.pl\/wp-content\/uploads\/2014\/05\/IMG_7023-180x111.jpg 180w, https:\/\/www.hospicjumcieszyn.pl\/wp-content\/uploads\/2014\/05\/IMG_7023-363x225.jpg 363w, https:\/\/www.hospicjumcieszyn.pl\/wp-content\/uploads\/2014\/05\/IMG_7023-726x450.jpg 726w, https:\/\/www.hospicjumcieszyn.pl\/wp-content\/uploads\/2014\/05\/IMG_7023.jpg 800w\" sizes=\"(max-width: 180px) 100vw, 180px\" \/><\/a>\n\t\t\t<\/div><\/figure><figure class='gallery-item'>\n\t\t\t<div class='gallery-icon portrait'>\n\t\t\t\t<a href='https:\/\/www.hospicjumcieszyn.pl\/de\/img_7032\/'><img loading=\"lazy\" decoding=\"async\" width=\"159\" height=\"240\" src=\"https:\/\/www.hospicjumcieszyn.pl\/wp-content\/uploads\/2014\/05\/IMG_7032-159x240.jpg\" class=\"attachment-thumbnail size-thumbnail\" alt=\"\" srcset=\"https:\/\/www.hospicjumcieszyn.pl\/wp-content\/uploads\/2014\/05\/IMG_7032-159x240.jpg 159w, https:\/\/www.hospicjumcieszyn.pl\/wp-content\/uploads\/2014\/05\/IMG_7032-241x363.jpg 241w, https:\/\/www.hospicjumcieszyn.pl\/wp-content\/uploads\/2014\/05\/IMG_7032-482x726.jpg 482w, https:\/\/www.hospicjumcieszyn.pl\/wp-content\/uploads\/2014\/05\/IMG_7032.jpg 532w\" sizes=\"(max-width: 159px) 100vw, 159px\" \/><\/a>\n\t\t\t<\/div><\/figure><figure class='gallery-item'>\n\t\t\t<div class='gallery-icon landscape'>\n\t\t\t\t<a href='https:\/\/www.hospicjumcieszyn.pl\/de\/img_7065\/'><img loading=\"lazy\" decoding=\"async\" width=\"180\" height=\"112\" src=\"https:\/\/www.hospicjumcieszyn.pl\/wp-content\/uploads\/2014\/05\/IMG_7065-180x112.jpg\" class=\"attachment-thumbnail size-thumbnail\" alt=\"\" srcset=\"https:\/\/www.hospicjumcieszyn.pl\/wp-content\/uploads\/2014\/05\/IMG_7065-180x112.jpg 180w, https:\/\/www.hospicjumcieszyn.pl\/wp-content\/uploads\/2014\/05\/IMG_7065-363x226.jpg 363w, https:\/\/www.hospicjumcieszyn.pl\/wp-content\/uploads\/2014\/05\/IMG_7065-726x452.jpg 726w, https:\/\/www.hospicjumcieszyn.pl\/wp-content\/uploads\/2014\/05\/IMG_7065.jpg 800w\" sizes=\"(max-width: 180px) 100vw, 180px\" \/><\/a>\n\t\t\t<\/div><\/figure><figure class='gallery-item'>\n\t\t\t<div class='gallery-icon landscape'>\n\t\t\t\t<a href='https:\/\/www.hospicjumcieszyn.pl\/de\/img_7074\/'><img loading=\"lazy\" decoding=\"async\" width=\"180\" height=\"119\" src=\"https:\/\/www.hospicjumcieszyn.pl\/wp-content\/uploads\/2014\/05\/IMG_7074-180x119.jpg\" class=\"attachment-thumbnail size-thumbnail\" alt=\"\" srcset=\"https:\/\/www.hospicjumcieszyn.pl\/wp-content\/uploads\/2014\/05\/IMG_7074-180x119.jpg 180w, https:\/\/www.hospicjumcieszyn.pl\/wp-content\/uploads\/2014\/05\/IMG_7074-363x241.jpg 363w, https:\/\/www.hospicjumcieszyn.pl\/wp-content\/uploads\/2014\/05\/IMG_7074-726x483.jpg 726w, https:\/\/www.hospicjumcieszyn.pl\/wp-content\/uploads\/2014\/05\/IMG_7074.jpg 800w\" sizes=\"(max-width: 180px) 100vw, 180px\" \/><\/a>\n\t\t\t<\/div><\/figure><figure class='gallery-item'>\n\t\t\t<div class='gallery-icon landscape'>\n\t\t\t\t<a href='https:\/\/www.hospicjumcieszyn.pl\/de\/img_7079\/'><img loading=\"lazy\" decoding=\"async\" width=\"180\" height=\"119\" src=\"https:\/\/www.hospicjumcieszyn.pl\/wp-content\/uploads\/2014\/05\/IMG_7079-180x119.jpg\" class=\"attachment-thumbnail size-thumbnail\" alt=\"\" srcset=\"https:\/\/www.hospicjumcieszyn.pl\/wp-content\/uploads\/2014\/05\/IMG_7079-180x119.jpg 180w, https:\/\/www.hospicjumcieszyn.pl\/wp-content\/uploads\/2014\/05\/IMG_7079-363x241.jpg 363w, https:\/\/www.hospicjumcieszyn.pl\/wp-content\/uploads\/2014\/05\/IMG_7079-726x483.jpg 726w, https:\/\/www.hospicjumcieszyn.pl\/wp-content\/uploads\/2014\/05\/IMG_7079.jpg 1024w\" sizes=\"(max-width: 180px) 100vw, 180px\" \/><\/a>\n\t\t\t<\/div><\/figure><figure class='gallery-item'>\n\t\t\t<div class='gallery-icon landscape'>\n\t\t\t\t<a href='https:\/\/www.hospicjumcieszyn.pl\/de\/img_7090\/'><img loading=\"lazy\" decoding=\"async\" width=\"180\" height=\"128\" src=\"https:\/\/www.hospicjumcieszyn.pl\/wp-content\/uploads\/2014\/05\/IMG_7090-180x128.jpg\" class=\"attachment-thumbnail size-thumbnail\" alt=\"\" srcset=\"https:\/\/www.hospicjumcieszyn.pl\/wp-content\/uploads\/2014\/05\/IMG_7090-180x128.jpg 180w, https:\/\/www.hospicjumcieszyn.pl\/wp-content\/uploads\/2014\/05\/IMG_7090-363x259.jpg 363w, https:\/\/www.hospicjumcieszyn.pl\/wp-content\/uploads\/2014\/05\/IMG_7090-726x518.jpg 726w, https:\/\/www.hospicjumcieszyn.pl\/wp-content\/uploads\/2014\/05\/IMG_7090.jpg 1024w\" sizes=\"(max-width: 180px) 100vw, 180px\" \/><\/a>\n\t\t\t<\/div><\/figure><figure class='gallery-item'>\n\t\t\t<div class='gallery-icon landscape'>\n\t\t\t\t<a href='https:\/\/www.hospicjumcieszyn.pl\/de\/img_7100\/'><img loading=\"lazy\" decoding=\"async\" width=\"180\" height=\"119\" src=\"https:\/\/www.hospicjumcieszyn.pl\/wp-content\/uploads\/2014\/05\/IMG_7100-180x119.jpg\" class=\"attachment-thumbnail size-thumbnail\" alt=\"\" srcset=\"https:\/\/www.hospicjumcieszyn.pl\/wp-content\/uploads\/2014\/05\/IMG_7100-180x119.jpg 180w, https:\/\/www.hospicjumcieszyn.pl\/wp-content\/uploads\/2014\/05\/IMG_7100-363x241.jpg 363w, https:\/\/www.hospicjumcieszyn.pl\/wp-content\/uploads\/2014\/05\/IMG_7100-726x483.jpg 726w, https:\/\/www.hospicjumcieszyn.pl\/wp-content\/uploads\/2014\/05\/IMG_7100.jpg 800w\" sizes=\"(max-width: 180px) 100vw, 180px\" \/><\/a>\n\t\t\t<\/div><\/figure><figure class='gallery-item'>\n\t\t\t<div class='gallery-icon landscape'>\n\t\t\t\t<a href='https:\/\/www.hospicjumcieszyn.pl\/de\/img_7116\/'><img loading=\"lazy\" decoding=\"async\" width=\"180\" height=\"119\" src=\"https:\/\/www.hospicjumcieszyn.pl\/wp-content\/uploads\/2014\/05\/IMG_7116-180x119.jpg\" class=\"attachment-thumbnail size-thumbnail\" alt=\"\" srcset=\"https:\/\/www.hospicjumcieszyn.pl\/wp-content\/uploads\/2014\/05\/IMG_7116-180x119.jpg 180w, https:\/\/www.hospicjumcieszyn.pl\/wp-content\/uploads\/2014\/05\/IMG_7116-363x241.jpg 363w, https:\/\/www.hospicjumcieszyn.pl\/wp-content\/uploads\/2014\/05\/IMG_7116-726x483.jpg 726w, https:\/\/www.hospicjumcieszyn.pl\/wp-content\/uploads\/2014\/05\/IMG_7116.jpg 800w\" sizes=\"(max-width: 180px) 100vw, 180px\" \/><\/a>\n\t\t\t<\/div><\/figure><figure class='gallery-item'>\n\t\t\t<div class='gallery-icon landscape'>\n\t\t\t\t<a href='https:\/\/www.hospicjumcieszyn.pl\/de\/img_7151\/'><img loading=\"lazy\" decoding=\"async\" width=\"180\" height=\"113\" src=\"https:\/\/www.hospicjumcieszyn.pl\/wp-content\/uploads\/2014\/05\/IMG_7151-180x113.jpg\" class=\"attachment-thumbnail size-thumbnail\" alt=\"\" srcset=\"https:\/\/www.hospicjumcieszyn.pl\/wp-content\/uploads\/2014\/05\/IMG_7151-180x113.jpg 180w, https:\/\/www.hospicjumcieszyn.pl\/wp-content\/uploads\/2014\/05\/IMG_7151-363x229.jpg 363w, https:\/\/www.hospicjumcieszyn.pl\/wp-content\/uploads\/2014\/05\/IMG_7151-726x458.jpg 726w, https:\/\/www.hospicjumcieszyn.pl\/wp-content\/uploads\/2014\/05\/IMG_7151.jpg 800w\" sizes=\"(max-width: 180px) 100vw, 180px\" \/><\/a>\n\t\t\t<\/div><\/figure><figure class='gallery-item'>\n\t\t\t<div class='gallery-icon landscape'>\n\t\t\t\t<a href='https:\/\/www.hospicjumcieszyn.pl\/de\/img_7156\/'><img loading=\"lazy\" decoding=\"async\" width=\"180\" height=\"113\" src=\"https:\/\/www.hospicjumcieszyn.pl\/wp-content\/uploads\/2014\/05\/IMG_7156-180x113.jpg\" class=\"attachment-thumbnail size-thumbnail\" alt=\"\" srcset=\"https:\/\/www.hospicjumcieszyn.pl\/wp-content\/uploads\/2014\/05\/IMG_7156-180x113.jpg 180w, https:\/\/www.hospicjumcieszyn.pl\/wp-content\/uploads\/2014\/05\/IMG_7156-363x228.jpg 363w, https:\/\/www.hospicjumcieszyn.pl\/wp-content\/uploads\/2014\/05\/IMG_7156-726x457.jpg 726w, https:\/\/www.hospicjumcieszyn.pl\/wp-content\/uploads\/2014\/05\/IMG_7156.jpg 1024w\" sizes=\"(max-width: 180px) 100vw, 180px\" \/><\/a>\n\t\t\t<\/div><\/figure><figure class='gallery-item'>\n\t\t\t<div class='gallery-icon landscape'>\n\t\t\t\t<a href='https:\/\/www.hospicjumcieszyn.pl\/de\/img_7192\/'><img loading=\"lazy\" decoding=\"async\" width=\"180\" height=\"101\" src=\"https:\/\/www.hospicjumcieszyn.pl\/wp-content\/uploads\/2014\/05\/IMG_7192-180x101.jpg\" class=\"attachment-thumbnail size-thumbnail\" alt=\"\" srcset=\"https:\/\/www.hospicjumcieszyn.pl\/wp-content\/uploads\/2014\/05\/IMG_7192-180x101.jpg 180w, https:\/\/www.hospicjumcieszyn.pl\/wp-content\/uploads\/2014\/05\/IMG_7192-363x204.jpg 363w, https:\/\/www.hospicjumcieszyn.pl\/wp-content\/uploads\/2014\/05\/IMG_7192-726x408.jpg 726w, https:\/\/www.hospicjumcieszyn.pl\/wp-content\/uploads\/2014\/05\/IMG_7192.jpg 800w\" sizes=\"(max-width: 180px) 100vw, 180px\" \/><\/a>\n\t\t\t<\/div><\/figure>\n\t\t<\/div>\n\n","protected":false},"excerpt":{"rendered":"<p>Kolejna edycja P\u00f3l Nadziei za nami! Nasze Hospicjum ju\u017c trzeci raz bra\u0142o udzia\u0142 w tej og\u00f3lnopolskiej kampanii. Jej celem jest propagowanie idei hospicyjnej oraz zbieranie funduszy na dzia\u0142alno\u015b\u0107 hospicyjn\u0105. Zaczynamy jesieni\u0105 sadzeniem \u017conkili, a wiosn\u0105 organizujemy r\u00f3\u017cne inicjatywy &#8211; w tym roku odby\u0142 si\u0119 konkurs plastyczny na \u017conkilow\u0105 zak\u0142adk\u0119 do ksi\u0105\u017cki. Wa\u017cnym elementem kampanii s\u0105 &#8230; <a title=\"Podsumowanie P\u00f3l Nadziei 2013\/2014\" class=\"read-more\" href=\"https:\/\/www.hospicjumcieszyn.pl\/de\/podsumowanie-pol-nadziei-20132014\/\" aria-label=\"Mehr dazu unter Podsumowanie P\u00f3l Nadziei 2013\/2014\">Weiterlesen<\/a><\/p>\n","protected":false},"author":4,"featured_media":1261,"comment_status":"closed","ping_status":"closed","sticky":false,"template":"","format":"standard","meta":{"footnotes":""},"categories":[8],"tags":[],"acf":[],"_links":{"self":[{"href":"https:\/\/www.hospicjumcieszyn.pl\/de\/wp-json\/wp\/v2\/posts\/1248"}],"collection":[{"href":"https:\/\/www.hospicjumcieszyn.pl\/de\/wp-json\/wp\/v2\/posts"}],"about":[{"href":"https:\/\/www.hospicjumcieszyn.pl\/de\/wp-json\/wp\/v2\/types\/post"}],"author":[{"embeddable":true,"href":"https:\/\/www.hospicjumcieszyn.pl\/de\/wp-json\/wp\/v2\/users\/4"}],"replies":[{"embeddable":true,"href":"https:\/\/www.hospicjumcieszyn.pl\/de\/wp-json\/wp\/v2\/comments?post=1248"}],"version-history":[{"count":4,"href":"https:\/\/www.hospicjumcieszyn.pl\/de\/wp-json\/wp\/v2\/posts\/1248\/revisions"}],"predecessor-version":[{"id":1266,"href":"https:\/\/www.hospicjumcieszyn.pl\/de\/wp-json\/wp\/v2\/posts\/1248\/revisions\/1266"}],"wp:featuredmedia":[{"embeddable":true,"href":"https:\/\/www.hospicjumcieszyn.pl\/de\/wp-json\/wp\/v2\/media\/1261"}],"wp:attachment":[{"href":"https:\/\/www.hospicjumcieszyn.pl\/de\/wp-json\/wp\/v2\/media?parent=1248"}],"wp:term":[{"taxonomy":"category","embeddable":true,"href":"https:\/\/www.hospicjumcieszyn.pl\/de\/wp-json\/wp\/v2\/categories?post=1248"},{"taxonomy":"post_tag","embeddable":true,"href":"https:\/\/www.hospicjumcieszyn.pl\/de\/wp-json\/wp\/v2\/tags?post=1248"}],"curies":[{"name":"wp","href":"https:\/\/api.w.org\/{rel}","templated":true}]}}