{"id":1352,"date":"2014-06-18T19:47:55","date_gmt":"2014-06-18T17:47:55","guid":{"rendered":"https:\/\/www.hospicjumcieszyn.pl\/?p=1352"},"modified":"2014-06-26T19:56:29","modified_gmt":"2014-06-26T17:56:29","slug":"pola-nadziei-koperze","status":"publish","type":"post","link":"https:\/\/www.hospicjumcieszyn.pl\/de\/pola-nadziei-koperze\/","title":{"rendered":"Pola Nadziei w &#8220;Koperze&#8221;"},"content":{"rendered":"<p style=\"text-align: justify;\">18 czerwca w cieszy\u0144skim II Liceum Og\u00f3lnokszta\u0142c\u0105cym im. M. Kopernika zako\u0144czy\u0142a si\u0119 oficjalnie kampania Pola Nadziei, w kt\u00f3rej bra\u0142a udzia\u0142 klasa 2 f.<\/p>\n<p style=\"text-align: justify;\">Najpierw uporz\u0105dkowano rabatk\u0119 z \u017conkilami, znajduj\u0105c\u0105 si\u0119 przed szko\u0142\u0105, a nast\u0119pnie podczas Dnia Otwartego, grupa uczni\u00f3w zaprezentowa\u0142a dzia\u0142ania liceum na rzecz Hospicjum im.\u00a0\u0141ukasza Ewangelisty, z kt\u00f3rym od lat wsp\u00f3\u0142pracuje.<\/p>\n<div id='gallery-1' class='gallery galleryid-1352 gallery-columns-3 gallery-size-thumbnail'><figure class='gallery-item'>\n\t\t\t<div class='gallery-icon landscape'>\n\t\t\t\t<a href='https:\/\/www.hospicjumcieszyn.pl\/de\/180620141751\/'><img loading=\"lazy\" decoding=\"async\" width=\"180\" height=\"135\" src=\"https:\/\/www.hospicjumcieszyn.pl\/wp-content\/uploads\/2014\/06\/180620141751-180x135.jpg\" class=\"attachment-thumbnail size-thumbnail\" alt=\"\" srcset=\"https:\/\/www.hospicjumcieszyn.pl\/wp-content\/uploads\/2014\/06\/180620141751-180x135.jpg 180w, https:\/\/www.hospicjumcieszyn.pl\/wp-content\/uploads\/2014\/06\/180620141751-363x272.jpg 363w, https:\/\/www.hospicjumcieszyn.pl\/wp-content\/uploads\/2014\/06\/180620141751-726x544.jpg 726w, https:\/\/www.hospicjumcieszyn.pl\/wp-content\/uploads\/2014\/06\/180620141751.jpg 1024w\" sizes=\"(max-width: 180px) 100vw, 180px\" \/><\/a>\n\t\t\t<\/div><\/figure><figure class='gallery-item'>\n\t\t\t<div class='gallery-icon landscape'>\n\t\t\t\t<a href='https:\/\/www.hospicjumcieszyn.pl\/de\/180620141753\/'><img loading=\"lazy\" decoding=\"async\" width=\"180\" height=\"135\" src=\"https:\/\/www.hospicjumcieszyn.pl\/wp-content\/uploads\/2014\/06\/180620141753-180x135.jpg\" class=\"attachment-thumbnail size-thumbnail\" alt=\"\" srcset=\"https:\/\/www.hospicjumcieszyn.pl\/wp-content\/uploads\/2014\/06\/180620141753-180x135.jpg 180w, https:\/\/www.hospicjumcieszyn.pl\/wp-content\/uploads\/2014\/06\/180620141753-363x272.jpg 363w, https:\/\/www.hospicjumcieszyn.pl\/wp-content\/uploads\/2014\/06\/180620141753-726x544.jpg 726w, https:\/\/www.hospicjumcieszyn.pl\/wp-content\/uploads\/2014\/06\/180620141753.jpg 1024w\" sizes=\"(max-width: 180px) 100vw, 180px\" \/><\/a>\n\t\t\t<\/div><\/figure><figure class='gallery-item'>\n\t\t\t<div class='gallery-icon landscape'>\n\t\t\t\t<a href='https:\/\/www.hospicjumcieszyn.pl\/de\/170620141743\/'><img loading=\"lazy\" decoding=\"async\" width=\"180\" height=\"135\" src=\"https:\/\/www.hospicjumcieszyn.pl\/wp-content\/uploads\/2014\/06\/170620141743-180x135.jpg\" class=\"attachment-thumbnail size-thumbnail\" alt=\"\" srcset=\"https:\/\/www.hospicjumcieszyn.pl\/wp-content\/uploads\/2014\/06\/170620141743-180x135.jpg 180w, https:\/\/www.hospicjumcieszyn.pl\/wp-content\/uploads\/2014\/06\/170620141743-363x272.jpg 363w, https:\/\/www.hospicjumcieszyn.pl\/wp-content\/uploads\/2014\/06\/170620141743-726x544.jpg 726w, https:\/\/www.hospicjumcieszyn.pl\/wp-content\/uploads\/2014\/06\/170620141743.jpg 1024w\" sizes=\"(max-width: 180px) 100vw, 180px\" \/><\/a>\n\t\t\t<\/div><\/figure><figure class='gallery-item'>\n\t\t\t<div class='gallery-icon landscape'>\n\t\t\t\t<a href='https:\/\/www.hospicjumcieszyn.pl\/de\/170620141744\/'><img loading=\"lazy\" decoding=\"async\" width=\"180\" height=\"135\" src=\"https:\/\/www.hospicjumcieszyn.pl\/wp-content\/uploads\/2014\/06\/170620141744-180x135.jpg\" class=\"attachment-thumbnail size-thumbnail\" alt=\"\" srcset=\"https:\/\/www.hospicjumcieszyn.pl\/wp-content\/uploads\/2014\/06\/170620141744-180x135.jpg 180w, https:\/\/www.hospicjumcieszyn.pl\/wp-content\/uploads\/2014\/06\/170620141744-363x272.jpg 363w, https:\/\/www.hospicjumcieszyn.pl\/wp-content\/uploads\/2014\/06\/170620141744-726x544.jpg 726w, https:\/\/www.hospicjumcieszyn.pl\/wp-content\/uploads\/2014\/06\/170620141744.jpg 1024w\" sizes=\"(max-width: 180px) 100vw, 180px\" \/><\/a>\n\t\t\t<\/div><\/figure>\n\t\t<\/div>\n\n<p style=\"text-align: justify;\">\n","protected":false},"excerpt":{"rendered":"<p>18 czerwca w cieszy\u0144skim II Liceum Og\u00f3lnokszta\u0142c\u0105cym im. M. Kopernika zako\u0144czy\u0142a si\u0119 oficjalnie kampania Pola Nadziei, w kt\u00f3rej bra\u0142a udzia\u0142 klasa 2 f. Najpierw uporz\u0105dkowano rabatk\u0119 z \u017conkilami, znajduj\u0105c\u0105 si\u0119 przed szko\u0142\u0105, a nast\u0119pnie podczas Dnia Otwartego, grupa uczni\u00f3w zaprezentowa\u0142a dzia\u0142ania liceum na rzecz Hospicjum im.\u00a0\u0141ukasza Ewangelisty, z kt\u00f3rym od lat wsp\u00f3\u0142pracuje.<\/p>\n","protected":false},"author":4,"featured_media":1356,"comment_status":"closed","ping_status":"closed","sticky":false,"template":"","format":"standard","meta":{"footnotes":""},"categories":[8],"tags":[],"acf":[],"_links":{"self":[{"href":"https:\/\/www.hospicjumcieszyn.pl\/de\/wp-json\/wp\/v2\/posts\/1352"}],"collection":[{"href":"https:\/\/www.hospicjumcieszyn.pl\/de\/wp-json\/wp\/v2\/posts"}],"about":[{"href":"https:\/\/www.hospicjumcieszyn.pl\/de\/wp-json\/wp\/v2\/types\/post"}],"author":[{"embeddable":true,"href":"https:\/\/www.hospicjumcieszyn.pl\/de\/wp-json\/wp\/v2\/users\/4"}],"replies":[{"embeddable":true,"href":"https:\/\/www.hospicjumcieszyn.pl\/de\/wp-json\/wp\/v2\/comments?post=1352"}],"version-history":[{"count":1,"href":"https:\/\/www.hospicjumcieszyn.pl\/de\/wp-json\/wp\/v2\/posts\/1352\/revisions"}],"predecessor-version":[{"id":1357,"href":"https:\/\/www.hospicjumcieszyn.pl\/de\/wp-json\/wp\/v2\/posts\/1352\/revisions\/1357"}],"wp:featuredmedia":[{"embeddable":true,"href":"https:\/\/www.hospicjumcieszyn.pl\/de\/wp-json\/wp\/v2\/media\/1356"}],"wp:attachment":[{"href":"https:\/\/www.hospicjumcieszyn.pl\/de\/wp-json\/wp\/v2\/media?parent=1352"}],"wp:term":[{"taxonomy":"category","embeddable":true,"href":"https:\/\/www.hospicjumcieszyn.pl\/de\/wp-json\/wp\/v2\/categories?post=1352"},{"taxonomy":"post_tag","embeddable":true,"href":"https:\/\/www.hospicjumcieszyn.pl\/de\/wp-json\/wp\/v2\/tags?post=1352"}],"curies":[{"name":"wp","href":"https:\/\/api.w.org\/{rel}","templated":true}]}}