{"id":1511,"date":"2014-09-15T11:31:40","date_gmt":"2014-09-15T09:31:40","guid":{"rendered":"https:\/\/www.hospicjumcieszyn.pl\/?p=1511"},"modified":"2014-10-01T19:50:19","modified_gmt":"2014-10-01T17:50:19","slug":"o-komunikowaniu-sie","status":"publish","type":"post","link":"https:\/\/www.hospicjumcieszyn.pl\/de\/o-komunikowaniu-sie\/","title":{"rendered":"O komunikowaniu si\u0119"},"content":{"rendered":"<p style=\"text-align: justify;\">Ju\u017c po\u0142owa wrze\u015bnia, wr\u00f3cili\u015bmy do normalnej pracy. Ca\u0142y czas jednak pami\u0119tamy wakacyjny czas&#8230;<\/p>\n<p style=\"text-align: justify;\">Koniec sierpnia by\u0142 dla wolontariuszy intensywny, bo odbywa\u0142y si\u0119 zar\u00f3wno zaj\u0119cia z Nordic Walking, jak i szkolenie z zakresu komunikowania si\u0119.<\/p>\n<p style=\"text-align: justify;\">Prowadz\u0105c\u0105 by\u0142a absolwentka wydzia\u0142u psychologii U\u015a w Katowicach &#8211; pani Jagoda Sikora, kt\u00f3ra ciekawie zaprosi\u0142a nas do obserwacji relacji mi\u0119dzyosobowych w j\u0119zyku&#8230; szakala i j\u0119zyku \u017cyrafy. Potem pracowali\u015bmy metodami warsztatowymi.<\/p>\n<p style=\"text-align: justify;\">Uda\u0142o si\u0119 uaktywni\u0107 wiele os\u00f3b, dzi\u0119ki czemu mogli\u015bmy porozmawia\u0107 o napi\u0119ciach, jakie pojawiaj\u0105 si\u0119 w\u015br\u00f3d os\u00f3b intensywnie zaanga\u017cowanych w pomoc charytatywn\u0105.<\/p>\n<p style=\"text-align: justify;\">Dzi\u0119ki otwarto\u015bci i szczero\u015bci mo\u017cna by\u0142o spojrze\u0107 na siebie z dystansem.<\/p>\n<div id='gallery-1' class='gallery galleryid-1511 gallery-columns-3 gallery-size-thumbnail'><figure class='gallery-item'>\n\t\t\t<div class='gallery-icon portrait'>\n\t\t\t\t<a href='https:\/\/www.hospicjumcieszyn.pl\/de\/280820142077\/'><img loading=\"lazy\" decoding=\"async\" width=\"180\" height=\"240\" src=\"https:\/\/www.hospicjumcieszyn.pl\/wp-content\/uploads\/2014\/09\/280820142077-180x240.jpg\" class=\"attachment-thumbnail size-thumbnail\" alt=\"\" srcset=\"https:\/\/www.hospicjumcieszyn.pl\/wp-content\/uploads\/2014\/09\/280820142077-180x240.jpg 180w, https:\/\/www.hospicjumcieszyn.pl\/wp-content\/uploads\/2014\/09\/280820142077-272x363.jpg 272w, https:\/\/www.hospicjumcieszyn.pl\/wp-content\/uploads\/2014\/09\/280820142077-544x726.jpg 544w, https:\/\/www.hospicjumcieszyn.pl\/wp-content\/uploads\/2014\/09\/280820142077.jpg 768w\" sizes=\"(max-width: 180px) 100vw, 180px\" \/><\/a>\n\t\t\t<\/div><\/figure><figure class='gallery-item'>\n\t\t\t<div class='gallery-icon landscape'>\n\t\t\t\t<a href='https:\/\/www.hospicjumcieszyn.pl\/de\/280820142078\/'><img loading=\"lazy\" decoding=\"async\" width=\"180\" height=\"135\" src=\"https:\/\/www.hospicjumcieszyn.pl\/wp-content\/uploads\/2014\/09\/280820142078-180x135.jpg\" class=\"attachment-thumbnail size-thumbnail\" alt=\"\" srcset=\"https:\/\/www.hospicjumcieszyn.pl\/wp-content\/uploads\/2014\/09\/280820142078-180x135.jpg 180w, https:\/\/www.hospicjumcieszyn.pl\/wp-content\/uploads\/2014\/09\/280820142078-363x272.jpg 363w, https:\/\/www.hospicjumcieszyn.pl\/wp-content\/uploads\/2014\/09\/280820142078-726x544.jpg 726w, https:\/\/www.hospicjumcieszyn.pl\/wp-content\/uploads\/2014\/09\/280820142078.jpg 1024w\" sizes=\"(max-width: 180px) 100vw, 180px\" \/><\/a>\n\t\t\t<\/div><\/figure>\n\t\t<\/div>\n\n","protected":false},"excerpt":{"rendered":"<p>Ju\u017c po\u0142owa wrze\u015bnia, wr\u00f3cili\u015bmy do normalnej pracy. Ca\u0142y czas jednak pami\u0119tamy wakacyjny czas&#8230; Koniec sierpnia by\u0142 dla wolontariuszy intensywny, bo odbywa\u0142y si\u0119 zar\u00f3wno zaj\u0119cia z Nordic Walking, jak i szkolenie z zakresu komunikowania si\u0119. Prowadz\u0105c\u0105 by\u0142a absolwentka wydzia\u0142u psychologii U\u015a w Katowicach &#8211; pani Jagoda Sikora, kt\u00f3ra ciekawie zaprosi\u0142a nas do obserwacji relacji mi\u0119dzyosobowych w &#8230; <a title=\"O komunikowaniu si\u0119\" class=\"read-more\" href=\"https:\/\/www.hospicjumcieszyn.pl\/de\/o-komunikowaniu-sie\/\" aria-label=\"Mehr dazu unter O komunikowaniu si\u0119\">Weiterlesen<\/a><\/p>\n","protected":false},"author":4,"featured_media":1533,"comment_status":"closed","ping_status":"closed","sticky":false,"template":"","format":"standard","meta":{"footnotes":""},"categories":[6],"tags":[],"acf":[],"_links":{"self":[{"href":"https:\/\/www.hospicjumcieszyn.pl\/de\/wp-json\/wp\/v2\/posts\/1511"}],"collection":[{"href":"https:\/\/www.hospicjumcieszyn.pl\/de\/wp-json\/wp\/v2\/posts"}],"about":[{"href":"https:\/\/www.hospicjumcieszyn.pl\/de\/wp-json\/wp\/v2\/types\/post"}],"author":[{"embeddable":true,"href":"https:\/\/www.hospicjumcieszyn.pl\/de\/wp-json\/wp\/v2\/users\/4"}],"replies":[{"embeddable":true,"href":"https:\/\/www.hospicjumcieszyn.pl\/de\/wp-json\/wp\/v2\/comments?post=1511"}],"version-history":[{"count":3,"href":"https:\/\/www.hospicjumcieszyn.pl\/de\/wp-json\/wp\/v2\/posts\/1511\/revisions"}],"predecessor-version":[{"id":1535,"href":"https:\/\/www.hospicjumcieszyn.pl\/de\/wp-json\/wp\/v2\/posts\/1511\/revisions\/1535"}],"wp:featuredmedia":[{"embeddable":true,"href":"https:\/\/www.hospicjumcieszyn.pl\/de\/wp-json\/wp\/v2\/media\/1533"}],"wp:attachment":[{"href":"https:\/\/www.hospicjumcieszyn.pl\/de\/wp-json\/wp\/v2\/media?parent=1511"}],"wp:term":[{"taxonomy":"category","embeddable":true,"href":"https:\/\/www.hospicjumcieszyn.pl\/de\/wp-json\/wp\/v2\/categories?post=1511"},{"taxonomy":"post_tag","embeddable":true,"href":"https:\/\/www.hospicjumcieszyn.pl\/de\/wp-json\/wp\/v2\/tags?post=1511"}],"curies":[{"name":"wp","href":"https:\/\/api.w.org\/{rel}","templated":true}]}}