{"id":155,"date":"2012-06-24T22:26:11","date_gmt":"2012-06-24T20:26:11","guid":{"rendered":"http:\/\/hospicjumcieszyn.pl\/?p=155"},"modified":"2013-08-21T19:47:38","modified_gmt":"2013-08-21T17:47:38","slug":"ostrawa-zdobyta","status":"publish","type":"post","link":"https:\/\/www.hospicjumcieszyn.pl\/de\/ostrawa-zdobyta\/","title":{"rendered":"Ostrawa zdobyta!"},"content":{"rendered":"<p>Tak. I to wcale nie s\u0105 \u017carty. 17 czerwca zorganizowali\u015bmy wycieczk\u0119 do ZOO w Ostrawie dla dzieci osieroconych przez naszych pacjent\u00f3w. To by\u0142o co\u015b wspania\u0142ego! Ju\u017c na pocz\u0105tku, po przyje\u017adzie, powita\u0142o nas stado flaming\u00f3w, a potem zacz\u0119\u0142o si\u0119&#8230; zwierz\u0119ta domowe i dzikie, paj\u0105ki, szympansy, \u017cyrafy, w\u0119\u017ce, barwne ptaki i tak mo\u017cna by wymienia\u0107 w niesko\u0144czono\u015b\u0107. Jak powiedzia\u0142a jedna z mam, temperatura wzros\u0142a o 50st. Celsjusza&#8230; w por\u00f3wnaniu do poprzedniego wyjazdu na kulig (by\u0142o wtedy -20st.). Bardzo zm\u0119czeni, ale szcz\u0119\u015bliwi wr\u00f3cili wszyscy do Cieszyna, planuj\u0105c nast\u0119pne wyjazdy.<\/p>\n<div id='gallery-1' class='gallery galleryid-155 gallery-columns-3 gallery-size-thumbnail'><figure class='gallery-item'>\n\t\t\t<div class='gallery-icon landscape'>\n\t\t\t\t<a href='https:\/\/www.hospicjumcieszyn.pl\/de\/1-6-3\/'><img loading=\"lazy\" decoding=\"async\" width=\"180\" height=\"135\" src=\"https:\/\/www.hospicjumcieszyn.pl\/wp-content\/uploads\/2013\/02\/111-180x135.jpg\" class=\"attachment-thumbnail size-thumbnail\" alt=\"\" srcset=\"https:\/\/www.hospicjumcieszyn.pl\/wp-content\/uploads\/2013\/02\/111-180x135.jpg 180w, https:\/\/www.hospicjumcieszyn.pl\/wp-content\/uploads\/2013\/02\/111-363x272.jpg 363w, https:\/\/www.hospicjumcieszyn.pl\/wp-content\/uploads\/2013\/02\/111.jpg 620w\" sizes=\"(max-width: 180px) 100vw, 180px\" \/><\/a>\n\t\t\t<\/div><\/figure><figure class='gallery-item'>\n\t\t\t<div class='gallery-icon landscape'>\n\t\t\t\t<a href='https:\/\/www.hospicjumcieszyn.pl\/de\/2-6-2\/'><img loading=\"lazy\" decoding=\"async\" width=\"180\" height=\"135\" src=\"https:\/\/www.hospicjumcieszyn.pl\/wp-content\/uploads\/2013\/02\/24-180x135.jpg\" class=\"attachment-thumbnail size-thumbnail\" alt=\"\" srcset=\"https:\/\/www.hospicjumcieszyn.pl\/wp-content\/uploads\/2013\/02\/24-180x135.jpg 180w, https:\/\/www.hospicjumcieszyn.pl\/wp-content\/uploads\/2013\/02\/24-363x272.jpg 363w, https:\/\/www.hospicjumcieszyn.pl\/wp-content\/uploads\/2013\/02\/24.jpg 620w\" sizes=\"(max-width: 180px) 100vw, 180px\" \/><\/a>\n\t\t\t<\/div><\/figure>\n\t\t<\/div>\n\n","protected":false},"excerpt":{"rendered":"<p>Tak. I to wcale nie s\u0105 \u017carty. 17 czerwca zorganizowali\u015bmy wycieczk\u0119 do ZOO w Ostrawie dla dzieci osieroconych przez naszych pacjent\u00f3w. To by\u0142o co\u015b wspania\u0142ego! Ju\u017c na pocz\u0105tku, po przyje\u017adzie, powita\u0142o nas stado flaming\u00f3w, a potem zacz\u0119\u0142o si\u0119&#8230; zwierz\u0119ta domowe i dzikie, paj\u0105ki, szympansy, \u017cyrafy, w\u0119\u017ce, barwne ptaki i tak mo\u017cna by wymienia\u0107 w niesko\u0144czono\u015b\u0107. &#8230; <a title=\"Ostrawa zdobyta!\" class=\"read-more\" href=\"https:\/\/www.hospicjumcieszyn.pl\/de\/ostrawa-zdobyta\/\" aria-label=\"Mehr dazu unter Ostrawa zdobyta!\">Weiterlesen<\/a><\/p>\n","protected":false},"author":1,"featured_media":0,"comment_status":"closed","ping_status":"closed","sticky":false,"template":"","format":"standard","meta":{"footnotes":""},"categories":[9],"tags":[],"acf":[],"_links":{"self":[{"href":"https:\/\/www.hospicjumcieszyn.pl\/de\/wp-json\/wp\/v2\/posts\/155"}],"collection":[{"href":"https:\/\/www.hospicjumcieszyn.pl\/de\/wp-json\/wp\/v2\/posts"}],"about":[{"href":"https:\/\/www.hospicjumcieszyn.pl\/de\/wp-json\/wp\/v2\/types\/post"}],"author":[{"embeddable":true,"href":"https:\/\/www.hospicjumcieszyn.pl\/de\/wp-json\/wp\/v2\/users\/1"}],"replies":[{"embeddable":true,"href":"https:\/\/www.hospicjumcieszyn.pl\/de\/wp-json\/wp\/v2\/comments?post=155"}],"version-history":[{"count":3,"href":"https:\/\/www.hospicjumcieszyn.pl\/de\/wp-json\/wp\/v2\/posts\/155\/revisions"}],"predecessor-version":[{"id":744,"href":"https:\/\/www.hospicjumcieszyn.pl\/de\/wp-json\/wp\/v2\/posts\/155\/revisions\/744"}],"wp:attachment":[{"href":"https:\/\/www.hospicjumcieszyn.pl\/de\/wp-json\/wp\/v2\/media?parent=155"}],"wp:term":[{"taxonomy":"category","embeddable":true,"href":"https:\/\/www.hospicjumcieszyn.pl\/de\/wp-json\/wp\/v2\/categories?post=155"},{"taxonomy":"post_tag","embeddable":true,"href":"https:\/\/www.hospicjumcieszyn.pl\/de\/wp-json\/wp\/v2\/tags?post=155"}],"curies":[{"name":"wp","href":"https:\/\/api.w.org\/{rel}","templated":true}]}}