{"id":1559,"date":"2014-10-15T19:52:45","date_gmt":"2014-10-15T17:52:45","guid":{"rendered":"https:\/\/www.hospicjumcieszyn.pl\/?p=1559"},"modified":"2014-11-17T21:59:34","modified_gmt":"2014-11-17T20:59:34","slug":"nowy-kapelan-hospicjum","status":"publish","type":"post","link":"https:\/\/www.hospicjumcieszyn.pl\/de\/nowy-kapelan-hospicjum\/","title":{"rendered":"Nowy kapelan w Hospicjum"},"content":{"rendered":"<p style=\"text-align: justify;\"><a href=\"https:\/\/www.hospicjumcieszyn.pl\/wp-content\/uploads\/2014\/10\/100_0646_1.jpg\"><img loading=\"lazy\" decoding=\"async\" class=\"alignright size-thumbnail wp-image-1648\" src=\"https:\/\/www.hospicjumcieszyn.pl\/wp-content\/uploads\/2014\/10\/100_0646_1-180x139.jpg\" alt=\"100_0646_1\" width=\"180\" height=\"139\" srcset=\"https:\/\/www.hospicjumcieszyn.pl\/wp-content\/uploads\/2014\/10\/100_0646_1-180x139.jpg 180w, https:\/\/www.hospicjumcieszyn.pl\/wp-content\/uploads\/2014\/10\/100_0646_1-363x281.jpg 363w, https:\/\/www.hospicjumcieszyn.pl\/wp-content\/uploads\/2014\/10\/100_0646_1-726x562.jpg 726w, https:\/\/www.hospicjumcieszyn.pl\/wp-content\/uploads\/2014\/10\/100_0646_1.jpg 1024w\" sizes=\"(max-width: 180px) 100vw, 180px\" \/><\/a>Od 1 wrze\u015bnia, po zmianach personalnych u cieszy\u0144skich oo. franciszkan\u00f3w, nasze Hospicjum ma nowego kapelana.<\/p>\n<p style=\"text-align: justify;\">Jest nim o.\u00a0Rafa\u0142 Kogut. Wolontariusze znaj\u0105 ju\u017c tego kap\u0142ana, poniewa\u017c od roku pomaga\u0142 o. Symplicjuszowi. Powitali\u015bmy go na pierwszym, wrze\u015bniowym zebraniu.<\/p>\n<p style=\"text-align: justify;\">O. Rafa\u0142 duszpasterzuje r\u00f3wnie\u017c w Zak\u0142adzie Karnym i prowadzi rekolekcje ze wsp\u00f3lnot\u0105 &#8220;Obdarowani&#8221;.<\/p>\n","protected":false},"excerpt":{"rendered":"<p>Od 1 wrze\u015bnia, po zmianach personalnych u cieszy\u0144skich oo. franciszkan\u00f3w, nasze Hospicjum ma nowego kapelana. Jest nim o.\u00a0Rafa\u0142 Kogut. Wolontariusze znaj\u0105 ju\u017c tego kap\u0142ana, poniewa\u017c od roku pomaga\u0142 o. Symplicjuszowi. Powitali\u015bmy go na pierwszym, wrze\u015bniowym zebraniu. O. Rafa\u0142 duszpasterzuje r\u00f3wnie\u017c w Zak\u0142adzie Karnym i prowadzi rekolekcje ze wsp\u00f3lnot\u0105 &#8220;Obdarowani&#8221;.<\/p>\n","protected":false},"author":4,"featured_media":1648,"comment_status":"closed","ping_status":"closed","sticky":false,"template":"","format":"standard","meta":{"footnotes":""},"categories":[1],"tags":[],"acf":[],"_links":{"self":[{"href":"https:\/\/www.hospicjumcieszyn.pl\/de\/wp-json\/wp\/v2\/posts\/1559"}],"collection":[{"href":"https:\/\/www.hospicjumcieszyn.pl\/de\/wp-json\/wp\/v2\/posts"}],"about":[{"href":"https:\/\/www.hospicjumcieszyn.pl\/de\/wp-json\/wp\/v2\/types\/post"}],"author":[{"embeddable":true,"href":"https:\/\/www.hospicjumcieszyn.pl\/de\/wp-json\/wp\/v2\/users\/4"}],"replies":[{"embeddable":true,"href":"https:\/\/www.hospicjumcieszyn.pl\/de\/wp-json\/wp\/v2\/comments?post=1559"}],"version-history":[{"count":2,"href":"https:\/\/www.hospicjumcieszyn.pl\/de\/wp-json\/wp\/v2\/posts\/1559\/revisions"}],"predecessor-version":[{"id":1649,"href":"https:\/\/www.hospicjumcieszyn.pl\/de\/wp-json\/wp\/v2\/posts\/1559\/revisions\/1649"}],"wp:featuredmedia":[{"embeddable":true,"href":"https:\/\/www.hospicjumcieszyn.pl\/de\/wp-json\/wp\/v2\/media\/1648"}],"wp:attachment":[{"href":"https:\/\/www.hospicjumcieszyn.pl\/de\/wp-json\/wp\/v2\/media?parent=1559"}],"wp:term":[{"taxonomy":"category","embeddable":true,"href":"https:\/\/www.hospicjumcieszyn.pl\/de\/wp-json\/wp\/v2\/categories?post=1559"},{"taxonomy":"post_tag","embeddable":true,"href":"https:\/\/www.hospicjumcieszyn.pl\/de\/wp-json\/wp\/v2\/tags?post=1559"}],"curies":[{"name":"wp","href":"https:\/\/api.w.org\/{rel}","templated":true}]}}