{"id":1561,"date":"2014-10-30T17:45:05","date_gmt":"2014-10-30T16:45:05","guid":{"rendered":"https:\/\/www.hospicjumcieszyn.pl\/?p=1561"},"modified":"2014-10-30T17:45:05","modified_gmt":"2014-10-30T16:45:05","slug":"festiwal-strudla","status":"publish","type":"post","link":"https:\/\/www.hospicjumcieszyn.pl\/de\/festiwal-strudla\/","title":{"rendered":"Festiwal strudla"},"content":{"rendered":"<p style=\"text-align: justify;\">W czwartek 23 pa\u017adziernika o godzinie 16.oo w sali Cafe Muzeum nasi wolontariusze razem z rodzinami hospicyjnymi wzi\u0119li udzia\u0142 w &#8220;Festiwalu strudla&#8221;. Przygotowaniem ciasta zaj\u0119\u0142a si\u0119 Natalia Rze\u017aniczek-Riess. Go\u015bcie mogli skosztowa\u0107 &#8220;pyszno\u015bci&#8221;, kt\u00f3re wysz\u0142y spod jej r\u0119ki \ud83d\ude42<\/p>\n<p style=\"text-align: justify;\">Zdj\u0119cia wykona\u0142 \u00a0Bronis\u0142aw Szpak.<\/p>\n<div id='gallery-1' class='gallery galleryid-1561 gallery-columns-3 gallery-size-thumbnail'><figure class='gallery-item'>\n\t\t\t<div class='gallery-icon landscape'>\n\t\t\t\t<a href='https:\/\/www.hospicjumcieszyn.pl\/de\/dsc01866\/'><img loading=\"lazy\" decoding=\"async\" width=\"180\" height=\"135\" src=\"https:\/\/www.hospicjumcieszyn.pl\/wp-content\/uploads\/2014\/10\/DSC01866-180x135.jpg\" class=\"attachment-thumbnail size-thumbnail\" alt=\"\" srcset=\"https:\/\/www.hospicjumcieszyn.pl\/wp-content\/uploads\/2014\/10\/DSC01866-180x135.jpg 180w, https:\/\/www.hospicjumcieszyn.pl\/wp-content\/uploads\/2014\/10\/DSC01866-363x272.jpg 363w, https:\/\/www.hospicjumcieszyn.pl\/wp-content\/uploads\/2014\/10\/DSC01866-726x544.jpg 726w, https:\/\/www.hospicjumcieszyn.pl\/wp-content\/uploads\/2014\/10\/DSC01866.jpg 768w\" sizes=\"(max-width: 180px) 100vw, 180px\" \/><\/a>\n\t\t\t<\/div><\/figure><figure class='gallery-item'>\n\t\t\t<div class='gallery-icon landscape'>\n\t\t\t\t<a href='https:\/\/www.hospicjumcieszyn.pl\/de\/dsc01864\/'><img loading=\"lazy\" decoding=\"async\" width=\"180\" height=\"135\" src=\"https:\/\/www.hospicjumcieszyn.pl\/wp-content\/uploads\/2014\/10\/DSC01864-180x135.jpg\" class=\"attachment-thumbnail size-thumbnail\" alt=\"\" srcset=\"https:\/\/www.hospicjumcieszyn.pl\/wp-content\/uploads\/2014\/10\/DSC01864-180x135.jpg 180w, https:\/\/www.hospicjumcieszyn.pl\/wp-content\/uploads\/2014\/10\/DSC01864-363x272.jpg 363w, https:\/\/www.hospicjumcieszyn.pl\/wp-content\/uploads\/2014\/10\/DSC01864-726x544.jpg 726w, https:\/\/www.hospicjumcieszyn.pl\/wp-content\/uploads\/2014\/10\/DSC01864.jpg 768w\" sizes=\"(max-width: 180px) 100vw, 180px\" \/><\/a>\n\t\t\t<\/div><\/figure><figure class='gallery-item'>\n\t\t\t<div class='gallery-icon landscape'>\n\t\t\t\t<a href='https:\/\/www.hospicjumcieszyn.pl\/de\/dsc01871\/'><img loading=\"lazy\" decoding=\"async\" width=\"180\" height=\"135\" src=\"https:\/\/www.hospicjumcieszyn.pl\/wp-content\/uploads\/2014\/10\/DSC01871-180x135.jpg\" class=\"attachment-thumbnail size-thumbnail\" alt=\"\" srcset=\"https:\/\/www.hospicjumcieszyn.pl\/wp-content\/uploads\/2014\/10\/DSC01871-180x135.jpg 180w, https:\/\/www.hospicjumcieszyn.pl\/wp-content\/uploads\/2014\/10\/DSC01871-363x272.jpg 363w, https:\/\/www.hospicjumcieszyn.pl\/wp-content\/uploads\/2014\/10\/DSC01871-726x544.jpg 726w, https:\/\/www.hospicjumcieszyn.pl\/wp-content\/uploads\/2014\/10\/DSC01871.jpg 768w\" sizes=\"(max-width: 180px) 100vw, 180px\" \/><\/a>\n\t\t\t<\/div><\/figure><figure class='gallery-item'>\n\t\t\t<div class='gallery-icon landscape'>\n\t\t\t\t<a href='https:\/\/www.hospicjumcieszyn.pl\/de\/dsc01877\/'><img loading=\"lazy\" decoding=\"async\" width=\"180\" height=\"135\" src=\"https:\/\/www.hospicjumcieszyn.pl\/wp-content\/uploads\/2014\/10\/DSC01877-180x135.jpg\" class=\"attachment-thumbnail size-thumbnail\" alt=\"\" srcset=\"https:\/\/www.hospicjumcieszyn.pl\/wp-content\/uploads\/2014\/10\/DSC01877-180x135.jpg 180w, https:\/\/www.hospicjumcieszyn.pl\/wp-content\/uploads\/2014\/10\/DSC01877-363x272.jpg 363w, https:\/\/www.hospicjumcieszyn.pl\/wp-content\/uploads\/2014\/10\/DSC01877-726x544.jpg 726w, https:\/\/www.hospicjumcieszyn.pl\/wp-content\/uploads\/2014\/10\/DSC01877.jpg 768w\" sizes=\"(max-width: 180px) 100vw, 180px\" \/><\/a>\n\t\t\t<\/div><\/figure><figure class='gallery-item'>\n\t\t\t<div class='gallery-icon landscape'>\n\t\t\t\t<a href='https:\/\/www.hospicjumcieszyn.pl\/de\/dsc01880\/'><img loading=\"lazy\" decoding=\"async\" width=\"180\" height=\"135\" src=\"https:\/\/www.hospicjumcieszyn.pl\/wp-content\/uploads\/2014\/10\/DSC01880-180x135.jpg\" class=\"attachment-thumbnail size-thumbnail\" alt=\"\" srcset=\"https:\/\/www.hospicjumcieszyn.pl\/wp-content\/uploads\/2014\/10\/DSC01880-180x135.jpg 180w, https:\/\/www.hospicjumcieszyn.pl\/wp-content\/uploads\/2014\/10\/DSC01880-363x272.jpg 363w, https:\/\/www.hospicjumcieszyn.pl\/wp-content\/uploads\/2014\/10\/DSC01880-726x544.jpg 726w, https:\/\/www.hospicjumcieszyn.pl\/wp-content\/uploads\/2014\/10\/DSC01880.jpg 768w\" sizes=\"(max-width: 180px) 100vw, 180px\" \/><\/a>\n\t\t\t<\/div><\/figure><figure class='gallery-item'>\n\t\t\t<div class='gallery-icon portrait'>\n\t\t\t\t<a href='https:\/\/www.hospicjumcieszyn.pl\/de\/dsc01865\/'><img loading=\"lazy\" decoding=\"async\" width=\"180\" height=\"240\" src=\"https:\/\/www.hospicjumcieszyn.pl\/wp-content\/uploads\/2014\/10\/DSC01865-180x240.jpg\" class=\"attachment-thumbnail size-thumbnail\" alt=\"\" srcset=\"https:\/\/www.hospicjumcieszyn.pl\/wp-content\/uploads\/2014\/10\/DSC01865-180x240.jpg 180w, https:\/\/www.hospicjumcieszyn.pl\/wp-content\/uploads\/2014\/10\/DSC01865-272x363.jpg 272w, https:\/\/www.hospicjumcieszyn.pl\/wp-content\/uploads\/2014\/10\/DSC01865-544x726.jpg 544w, https:\/\/www.hospicjumcieszyn.pl\/wp-content\/uploads\/2014\/10\/DSC01865.jpg 576w\" sizes=\"(max-width: 180px) 100vw, 180px\" \/><\/a>\n\t\t\t<\/div><\/figure><figure class='gallery-item'>\n\t\t\t<div class='gallery-icon landscape'>\n\t\t\t\t<a href='https:\/\/www.hospicjumcieszyn.pl\/de\/dsc01884\/'><img loading=\"lazy\" decoding=\"async\" width=\"180\" height=\"135\" src=\"https:\/\/www.hospicjumcieszyn.pl\/wp-content\/uploads\/2014\/10\/DSC01884-180x135.jpg\" class=\"attachment-thumbnail size-thumbnail\" alt=\"\" srcset=\"https:\/\/www.hospicjumcieszyn.pl\/wp-content\/uploads\/2014\/10\/DSC01884-180x135.jpg 180w, https:\/\/www.hospicjumcieszyn.pl\/wp-content\/uploads\/2014\/10\/DSC01884-363x272.jpg 363w, https:\/\/www.hospicjumcieszyn.pl\/wp-content\/uploads\/2014\/10\/DSC01884-726x544.jpg 726w, https:\/\/www.hospicjumcieszyn.pl\/wp-content\/uploads\/2014\/10\/DSC01884.jpg 768w\" sizes=\"(max-width: 180px) 100vw, 180px\" \/><\/a>\n\t\t\t<\/div><\/figure><figure class='gallery-item'>\n\t\t\t<div class='gallery-icon landscape'>\n\t\t\t\t<a href='https:\/\/www.hospicjumcieszyn.pl\/de\/dsc01886\/'><img loading=\"lazy\" decoding=\"async\" width=\"180\" height=\"135\" src=\"https:\/\/www.hospicjumcieszyn.pl\/wp-content\/uploads\/2014\/10\/DSC01886-180x135.jpg\" class=\"attachment-thumbnail size-thumbnail\" alt=\"\" srcset=\"https:\/\/www.hospicjumcieszyn.pl\/wp-content\/uploads\/2014\/10\/DSC01886-180x135.jpg 180w, https:\/\/www.hospicjumcieszyn.pl\/wp-content\/uploads\/2014\/10\/DSC01886-363x272.jpg 363w, https:\/\/www.hospicjumcieszyn.pl\/wp-content\/uploads\/2014\/10\/DSC01886-726x544.jpg 726w, https:\/\/www.hospicjumcieszyn.pl\/wp-content\/uploads\/2014\/10\/DSC01886.jpg 768w\" sizes=\"(max-width: 180px) 100vw, 180px\" \/><\/a>\n\t\t\t<\/div><\/figure><figure class='gallery-item'>\n\t\t\t<div class='gallery-icon landscape'>\n\t\t\t\t<a href='https:\/\/www.hospicjumcieszyn.pl\/de\/dsc01859\/'><img loading=\"lazy\" decoding=\"async\" width=\"180\" height=\"135\" src=\"https:\/\/www.hospicjumcieszyn.pl\/wp-content\/uploads\/2014\/10\/DSC01859-180x135.jpg\" class=\"attachment-thumbnail size-thumbnail\" alt=\"\" srcset=\"https:\/\/www.hospicjumcieszyn.pl\/wp-content\/uploads\/2014\/10\/DSC01859-180x135.jpg 180w, https:\/\/www.hospicjumcieszyn.pl\/wp-content\/uploads\/2014\/10\/DSC01859-363x272.jpg 363w, https:\/\/www.hospicjumcieszyn.pl\/wp-content\/uploads\/2014\/10\/DSC01859-726x544.jpg 726w, https:\/\/www.hospicjumcieszyn.pl\/wp-content\/uploads\/2014\/10\/DSC01859.jpg 768w\" sizes=\"(max-width: 180px) 100vw, 180px\" \/><\/a>\n\t\t\t<\/div><\/figure>\n\t\t<\/div>\n\n","protected":false},"excerpt":{"rendered":"<p>W czwartek 23 pa\u017adziernika o godzinie 16.oo w sali Cafe Muzeum nasi wolontariusze razem z rodzinami hospicyjnymi wzi\u0119li udzia\u0142 w &#8220;Festiwalu strudla&#8221;. Przygotowaniem ciasta zaj\u0119\u0142a si\u0119 Natalia Rze\u017aniczek-Riess. Go\u015bcie mogli skosztowa\u0107 &#8220;pyszno\u015bci&#8221;, kt\u00f3re wysz\u0142y spod jej r\u0119ki \ud83d\ude42 Zdj\u0119cia wykona\u0142 \u00a0Bronis\u0142aw Szpak.<\/p>\n","protected":false},"author":4,"featured_media":1570,"comment_status":"closed","ping_status":"closed","sticky":false,"template":"","format":"standard","meta":{"footnotes":""},"categories":[9,6],"tags":[],"acf":[],"_links":{"self":[{"href":"https:\/\/www.hospicjumcieszyn.pl\/de\/wp-json\/wp\/v2\/posts\/1561"}],"collection":[{"href":"https:\/\/www.hospicjumcieszyn.pl\/de\/wp-json\/wp\/v2\/posts"}],"about":[{"href":"https:\/\/www.hospicjumcieszyn.pl\/de\/wp-json\/wp\/v2\/types\/post"}],"author":[{"embeddable":true,"href":"https:\/\/www.hospicjumcieszyn.pl\/de\/wp-json\/wp\/v2\/users\/4"}],"replies":[{"embeddable":true,"href":"https:\/\/www.hospicjumcieszyn.pl\/de\/wp-json\/wp\/v2\/comments?post=1561"}],"version-history":[{"count":1,"href":"https:\/\/www.hospicjumcieszyn.pl\/de\/wp-json\/wp\/v2\/posts\/1561\/revisions"}],"predecessor-version":[{"id":1571,"href":"https:\/\/www.hospicjumcieszyn.pl\/de\/wp-json\/wp\/v2\/posts\/1561\/revisions\/1571"}],"wp:featuredmedia":[{"embeddable":true,"href":"https:\/\/www.hospicjumcieszyn.pl\/de\/wp-json\/wp\/v2\/media\/1570"}],"wp:attachment":[{"href":"https:\/\/www.hospicjumcieszyn.pl\/de\/wp-json\/wp\/v2\/media?parent=1561"}],"wp:term":[{"taxonomy":"category","embeddable":true,"href":"https:\/\/www.hospicjumcieszyn.pl\/de\/wp-json\/wp\/v2\/categories?post=1561"},{"taxonomy":"post_tag","embeddable":true,"href":"https:\/\/www.hospicjumcieszyn.pl\/de\/wp-json\/wp\/v2\/tags?post=1561"}],"curies":[{"name":"wp","href":"https:\/\/api.w.org\/{rel}","templated":true}]}}