{"id":1572,"date":"2014-10-30T18:03:36","date_gmt":"2014-10-30T17:03:36","guid":{"rendered":"https:\/\/www.hospicjumcieszyn.pl\/?p=1572"},"modified":"2014-10-30T19:38:37","modified_gmt":"2014-10-30T18:38:37","slug":"pomagamy-dzieciom-mlodziezy-zalobie","status":"publish","type":"post","link":"https:\/\/www.hospicjumcieszyn.pl\/de\/pomagamy-dzieciom-mlodziezy-zalobie\/","title":{"rendered":"Pomagamy dzieciom i m\u0142odzie\u017cy w \u017ca\u0142obie"},"content":{"rendered":"<p><a href=\"https:\/\/www.hospicjumcieszyn.pl\/wp-content\/uploads\/2014\/10\/FDO_plakat_A4-j14-PRV1.jpg\"><img loading=\"lazy\" decoding=\"async\" class=\"size-medium wp-image-1573 alignright\" src=\"https:\/\/www.hospicjumcieszyn.pl\/wp-content\/uploads\/2014\/10\/FDO_plakat_A4-j14-PRV1-256x363.jpg\" alt=\"FDO_plakat_A4 j14 PRV1\" width=\"256\" height=\"363\" srcset=\"https:\/\/www.hospicjumcieszyn.pl\/wp-content\/uploads\/2014\/10\/FDO_plakat_A4-j14-PRV1-256x363.jpg 256w, https:\/\/www.hospicjumcieszyn.pl\/wp-content\/uploads\/2014\/10\/FDO_plakat_A4-j14-PRV1-169x240.jpg 169w, https:\/\/www.hospicjumcieszyn.pl\/wp-content\/uploads\/2014\/10\/FDO_plakat_A4-j14-PRV1-513x726.jpg 513w, https:\/\/www.hospicjumcieszyn.pl\/wp-content\/uploads\/2014\/10\/FDO_plakat_A4-j14-PRV1.jpg 724w\" sizes=\"(max-width: 256px) 100vw, 256px\" \/><\/a><\/p>\n<p style=\"text-align: justify;\">Nasze Hospicjum bierze udzia\u0142 w XI kampanii spo\u0142ecznej Fundacji Hospicyjnej &#8220;Hospicjum to te\u017c \u017bycie&#8221;. W tym roku prowadzona jest pod has\u0142em &#8220;Pomagamy dzieciom i m\u0142odzie\u017cy w \u017ca\u0142obie&#8221;, a jej symbolem jest pomara\u0144czowy s\u0142onik Tumbo &#8211; maskotka Funduszu Dzieci Osieroconych.<\/p>\n<p style=\"text-align: justify;\">Jednym z element\u00f3w kampanii jest prowadzenie zbi\u00f3rek na rzecz dzieci i m\u0142odzie\u017cy osieroconej za po\u015brednictwem\u00a0 charytatywnego numeru SMS (7279, o tre\u015bci POMAGAM, aktywnego od pa\u017adziernika do grudnia 2014 r.), przelew\u00f3w na konto (93 1540 1098 2001 5562 4727 0011) oraz zbi\u00f3rek do specjalnych puszek, kt\u00f3re\u00a0 firmy lub szko\u0142y mog\u0105 zam\u00f3wi\u0107 w Fundacji Hospicyjnej.<\/p>\n<p style=\"text-align: justify;\">Serdecznie zach\u0119camy do wsparcia!!!<\/p>\n<p style=\"text-align: justify;\">Wi\u0119cej informacji o kampanii:<\/p>\n<p><a href=\"http:\/\/fundacjahospicyjna.pl\/2014-09-25-11-27-27\/xi-kampania-httz\" target=\"_blank\">http:\/\/fundacjahospicyjna.pl\/2014-09-25-11-27-27\/xi-kampania-httz<\/a><\/p>\n<p style=\"text-align: justify;\">Ponadto, ju\u017c teraz zapraszamy na koncert charytatywny oraz na panel dyskusyjny na temat pomocy dla dzieci, kt\u00f3re do\u015bwiadczy\u0142y \u015bmierci rodzica (<strong>szczeg\u00f3\u0142y wkr\u00f3tce!<\/strong>).<\/p>\n","protected":false},"excerpt":{"rendered":"<p>Nasze Hospicjum bierze udzia\u0142 w XI kampanii spo\u0142ecznej Fundacji Hospicyjnej &#8220;Hospicjum to te\u017c \u017bycie&#8221;. W tym roku prowadzona jest pod has\u0142em &#8220;Pomagamy dzieciom i m\u0142odzie\u017cy w \u017ca\u0142obie&#8221;, a jej symbolem jest pomara\u0144czowy s\u0142onik Tumbo &#8211; maskotka Funduszu Dzieci Osieroconych. Jednym z element\u00f3w kampanii jest prowadzenie zbi\u00f3rek na rzecz dzieci i m\u0142odzie\u017cy osieroconej za po\u015brednictwem\u00a0 charytatywnego &#8230; <a title=\"Pomagamy dzieciom i m\u0142odzie\u017cy w \u017ca\u0142obie\" class=\"read-more\" href=\"https:\/\/www.hospicjumcieszyn.pl\/de\/pomagamy-dzieciom-mlodziezy-zalobie\/\" aria-label=\"Mehr dazu unter Pomagamy dzieciom i m\u0142odzie\u017cy w \u017ca\u0142obie\">Weiterlesen<\/a><\/p>\n","protected":false},"author":4,"featured_media":1573,"comment_status":"closed","ping_status":"closed","sticky":false,"template":"","format":"standard","meta":{"footnotes":""},"categories":[9],"tags":[],"acf":[],"_links":{"self":[{"href":"https:\/\/www.hospicjumcieszyn.pl\/de\/wp-json\/wp\/v2\/posts\/1572"}],"collection":[{"href":"https:\/\/www.hospicjumcieszyn.pl\/de\/wp-json\/wp\/v2\/posts"}],"about":[{"href":"https:\/\/www.hospicjumcieszyn.pl\/de\/wp-json\/wp\/v2\/types\/post"}],"author":[{"embeddable":true,"href":"https:\/\/www.hospicjumcieszyn.pl\/de\/wp-json\/wp\/v2\/users\/4"}],"replies":[{"embeddable":true,"href":"https:\/\/www.hospicjumcieszyn.pl\/de\/wp-json\/wp\/v2\/comments?post=1572"}],"version-history":[{"count":3,"href":"https:\/\/www.hospicjumcieszyn.pl\/de\/wp-json\/wp\/v2\/posts\/1572\/revisions"}],"predecessor-version":[{"id":1576,"href":"https:\/\/www.hospicjumcieszyn.pl\/de\/wp-json\/wp\/v2\/posts\/1572\/revisions\/1576"}],"wp:featuredmedia":[{"embeddable":true,"href":"https:\/\/www.hospicjumcieszyn.pl\/de\/wp-json\/wp\/v2\/media\/1573"}],"wp:attachment":[{"href":"https:\/\/www.hospicjumcieszyn.pl\/de\/wp-json\/wp\/v2\/media?parent=1572"}],"wp:term":[{"taxonomy":"category","embeddable":true,"href":"https:\/\/www.hospicjumcieszyn.pl\/de\/wp-json\/wp\/v2\/categories?post=1572"},{"taxonomy":"post_tag","embeddable":true,"href":"https:\/\/www.hospicjumcieszyn.pl\/de\/wp-json\/wp\/v2\/tags?post=1572"}],"curies":[{"name":"wp","href":"https:\/\/api.w.org\/{rel}","templated":true}]}}