{"id":1636,"date":"2014-11-04T22:31:20","date_gmt":"2014-11-04T21:31:20","guid":{"rendered":"https:\/\/www.hospicjumcieszyn.pl\/?p=1636"},"modified":"2014-11-19T09:42:42","modified_gmt":"2014-11-19T08:42:42","slug":"zaloba-moge-pomoc-konferencja-warsztaty","status":"publish","type":"post","link":"https:\/\/www.hospicjumcieszyn.pl\/de\/zaloba-moge-pomoc-konferencja-warsztaty\/","title":{"rendered":"\u017ba\u0142oba &#8211; jak mog\u0119 pom\u00f3c? Konferencja i warsztaty"},"content":{"rendered":"<p style=\"text-align: justify;\">W dniu 19 listopada w godzinach od 8.30 do 13.oo odb\u0119dzie si\u0119 panel konferencyjny po\u0142\u0105czony z warsztatami pod has\u0142em: <strong>&#8220;\u017ba\u0142oba &#8211; jak mog\u0119 pom\u00f3c?&#8221;<\/strong>.<\/p>\n<p style=\"text-align: justify;\">Zapraszamy serdecznie nauczycieli, katechet\u00f3w i pedagog\u00f3w szkolnych na to spotkanie.<\/p>\n<p style=\"text-align: justify;\">Zamierzamy wsp\u00f3lnie poszuka\u0107 sposob\u00f3w na to, jak wesprze\u0107 dziecko lub nastolatka w trakcie trudnego do\u015bwiadczenia \u017ca\u0142oby po \u015bmierci najbli\u017cszych.<\/p>\n<p style=\"text-align: justify;\">Miejsce: II LO im. M. Kopernika w Cieszynie, Pl. Wolno\u015bci 7 b.<\/p>\n<p style=\"text-align: justify;\">Zg\u0142oszenia przyjmujemy do 7 listopada na numer\u00a0telefonu: 607 663 027.<\/p>\n<p style=\"text-align: justify;\">Decyduj\u0105c si\u0119 na uczestnictwo, prosimy zaplanowa\u0107 sobie czas tak, aby wzi\u0105\u0107 udzia\u0142 w ca\u0142o\u015bci, gdy\u017c obie cz\u0119\u015bci s\u0105 ze sob\u0105 \u015bci\u015ble po\u0142\u0105czone.<\/p>\n<p style=\"text-align: justify;\">Spotkanie ma miejsce w ramach XI Og\u00f3lnopolskiej Kampanii &#8220;Hospicjum to te\u017c \u017bycie&#8221; prowadzonej przez Fundacj\u0119 Hospicyjn\u0105 w Gda\u0144sku.<\/p>\n<p style=\"text-align: justify;\">Zapraszamy!<\/p>\n","protected":false},"excerpt":{"rendered":"<p>W dniu 19 listopada w godzinach od 8.30 do 13.oo odb\u0119dzie si\u0119 panel konferencyjny po\u0142\u0105czony z warsztatami pod has\u0142em: &#8220;\u017ba\u0142oba &#8211; jak mog\u0119 pom\u00f3c?&#8221;. Zapraszamy serdecznie nauczycieli, katechet\u00f3w i pedagog\u00f3w szkolnych na to spotkanie. Zamierzamy wsp\u00f3lnie poszuka\u0107 sposob\u00f3w na to, jak wesprze\u0107 dziecko lub nastolatka w trakcie trudnego do\u015bwiadczenia \u017ca\u0142oby po \u015bmierci najbli\u017cszych. Miejsce: II &#8230; <a title=\"\u017ba\u0142oba &#8211; jak mog\u0119 pom\u00f3c? Konferencja i warsztaty\" class=\"read-more\" href=\"https:\/\/www.hospicjumcieszyn.pl\/de\/zaloba-moge-pomoc-konferencja-warsztaty\/\" aria-label=\"Mehr dazu unter \u017ba\u0142oba &#8211; jak mog\u0119 pom\u00f3c? Konferencja i warsztaty\">Weiterlesen<\/a><\/p>\n","protected":false},"author":4,"featured_media":0,"comment_status":"closed","ping_status":"closed","sticky":false,"template":"","format":"standard","meta":{"footnotes":""},"categories":[9],"tags":[],"acf":[],"_links":{"self":[{"href":"https:\/\/www.hospicjumcieszyn.pl\/de\/wp-json\/wp\/v2\/posts\/1636"}],"collection":[{"href":"https:\/\/www.hospicjumcieszyn.pl\/de\/wp-json\/wp\/v2\/posts"}],"about":[{"href":"https:\/\/www.hospicjumcieszyn.pl\/de\/wp-json\/wp\/v2\/types\/post"}],"author":[{"embeddable":true,"href":"https:\/\/www.hospicjumcieszyn.pl\/de\/wp-json\/wp\/v2\/users\/4"}],"replies":[{"embeddable":true,"href":"https:\/\/www.hospicjumcieszyn.pl\/de\/wp-json\/wp\/v2\/comments?post=1636"}],"version-history":[{"count":5,"href":"https:\/\/www.hospicjumcieszyn.pl\/de\/wp-json\/wp\/v2\/posts\/1636\/revisions"}],"predecessor-version":[{"id":1671,"href":"https:\/\/www.hospicjumcieszyn.pl\/de\/wp-json\/wp\/v2\/posts\/1636\/revisions\/1671"}],"wp:attachment":[{"href":"https:\/\/www.hospicjumcieszyn.pl\/de\/wp-json\/wp\/v2\/media?parent=1636"}],"wp:term":[{"taxonomy":"category","embeddable":true,"href":"https:\/\/www.hospicjumcieszyn.pl\/de\/wp-json\/wp\/v2\/categories?post=1636"},{"taxonomy":"post_tag","embeddable":true,"href":"https:\/\/www.hospicjumcieszyn.pl\/de\/wp-json\/wp\/v2\/tags?post=1636"}],"curies":[{"name":"wp","href":"https:\/\/api.w.org\/{rel}","templated":true}]}}