{"id":1644,"date":"2014-11-07T13:00:57","date_gmt":"2014-11-07T12:00:57","guid":{"rendered":"https:\/\/www.hospicjumcieszyn.pl\/?p=1644"},"modified":"2014-11-07T13:00:57","modified_gmt":"2014-11-07T12:00:57","slug":"11-listopada-biuro-hospicjum-nieczynne","status":"publish","type":"post","link":"https:\/\/www.hospicjumcieszyn.pl\/de\/11-listopada-biuro-hospicjum-nieczynne\/","title":{"rendered":"11 listopada &#8211; biuro Hospicjum nieczynne"},"content":{"rendered":"<p style=\"text-align: justify;\">W dniu 11 listopada, w zwi\u0105zku z Narodowym \u015awi\u0119tem Niepodleg\u0142o\u015bci, biuro Hospicjum przy ul. W\u0105skiej 2a, gdzie w ka\u017cdy wtorek odbywaj\u0105 si\u0119 dy\u017cury b\u0119dzie <strong>nieczynne<\/strong>.<\/p>\n<p style=\"text-align: justify;\">Mo\u017cliwy jest kontakt telefoniczny: 33 8514 514 lub 691 771 892.<\/p>\n<p style=\"text-align: justify;\">Przepraszamy za utrudnienia!<\/p>\n","protected":false},"excerpt":{"rendered":"<p>W dniu 11 listopada, w zwi\u0105zku z Narodowym \u015awi\u0119tem Niepodleg\u0142o\u015bci, biuro Hospicjum przy ul. W\u0105skiej 2a, gdzie w ka\u017cdy wtorek odbywaj\u0105 si\u0119 dy\u017cury b\u0119dzie nieczynne. Mo\u017cliwy jest kontakt telefoniczny: 33 8514 514 lub 691 771 892. Przepraszamy za utrudnienia!<\/p>\n","protected":false},"author":4,"featured_media":0,"comment_status":"closed","ping_status":"closed","sticky":false,"template":"","format":"standard","meta":{"footnotes":""},"categories":[1],"tags":[],"acf":[],"_links":{"self":[{"href":"https:\/\/www.hospicjumcieszyn.pl\/de\/wp-json\/wp\/v2\/posts\/1644"}],"collection":[{"href":"https:\/\/www.hospicjumcieszyn.pl\/de\/wp-json\/wp\/v2\/posts"}],"about":[{"href":"https:\/\/www.hospicjumcieszyn.pl\/de\/wp-json\/wp\/v2\/types\/post"}],"author":[{"embeddable":true,"href":"https:\/\/www.hospicjumcieszyn.pl\/de\/wp-json\/wp\/v2\/users\/4"}],"replies":[{"embeddable":true,"href":"https:\/\/www.hospicjumcieszyn.pl\/de\/wp-json\/wp\/v2\/comments?post=1644"}],"version-history":[{"count":1,"href":"https:\/\/www.hospicjumcieszyn.pl\/de\/wp-json\/wp\/v2\/posts\/1644\/revisions"}],"predecessor-version":[{"id":1645,"href":"https:\/\/www.hospicjumcieszyn.pl\/de\/wp-json\/wp\/v2\/posts\/1644\/revisions\/1645"}],"wp:attachment":[{"href":"https:\/\/www.hospicjumcieszyn.pl\/de\/wp-json\/wp\/v2\/media?parent=1644"}],"wp:term":[{"taxonomy":"category","embeddable":true,"href":"https:\/\/www.hospicjumcieszyn.pl\/de\/wp-json\/wp\/v2\/categories?post=1644"},{"taxonomy":"post_tag","embeddable":true,"href":"https:\/\/www.hospicjumcieszyn.pl\/de\/wp-json\/wp\/v2\/tags?post=1644"}],"curies":[{"name":"wp","href":"https:\/\/api.w.org\/{rel}","templated":true}]}}