{"id":1650,"date":"2014-11-19T09:26:53","date_gmt":"2014-11-19T08:26:53","guid":{"rendered":"https:\/\/www.hospicjumcieszyn.pl\/?p=1650"},"modified":"2014-11-19T09:28:14","modified_gmt":"2014-11-19T08:28:14","slug":"przesliczna-wiolonczelistka","status":"publish","type":"post","link":"https:\/\/www.hospicjumcieszyn.pl\/de\/przesliczna-wiolonczelistka\/","title":{"rendered":"Prze\u015bliczna wiolonczelistka"},"content":{"rendered":"<p style=\"text-align: justify;\">Ze wzruszeniem publiczno\u015b\u0107 Teatru im. A. Mickiewicza s\u0142ucha\u0142a przeboj\u00f3w zespo\u0142u SKALDOWIE, kt\u00f3ry na zaproszenie Stowarzyszenia SCI, wyst\u0105pi\u0142 w Cieszynie w niedziel\u0119 9 listopada i zagra\u0142 na rzecz naszego Hospicjum.<\/p>\n<p style=\"text-align: justify;\">Na koncert przysz\u0142o ponad p\u00f3\u0142 tysi\u0105ca os\u00f3b w bardzo r\u00f3\u017cnym wieku, a w organizacji pomagali zar\u00f3wno wolontariusze wspomnianego SCI, jak i wolontariusze hospicyjni z m\u0142odzie\u017c\u0105.<\/p>\n<p style=\"text-align: justify;\">Zebranych powitali Burmistrz Mieczys\u0142aw Szczurek i Prezes Hospicjum Dorota Kania.<\/p>\n<p style=\"text-align: justify;\">Jak zwykle cieszy\u0144ska publiczno\u015b\u0107 okaza\u0142a si\u0119 bardzo hojna &#8211; zebrano ponad 20.000 z\u0142.<\/p>\n<p style=\"text-align: justify;\">Doch\u00f3d z koncertu jest przeznaczony na pomoc chorym nowotworowo w terminalnym stadium choroby oraz na wsparcie dla dzieci osieroconych, mi\u0119dzy innymi\u00a0na dofinansowanie obiad\u00f3w dla tych ostatnich.<\/p>\n<div id='gallery-1' class='gallery galleryid-1650 gallery-columns-3 gallery-size-thumbnail'><figure class='gallery-item'>\n\t\t\t<div class='gallery-icon landscape'>\n\t\t\t\t<a href='https:\/\/www.hospicjumcieszyn.pl\/de\/przesliczna-wiolonczelistka\/100_0632\/#main'><img loading=\"lazy\" decoding=\"async\" width=\"180\" height=\"135\" src=\"https:\/\/www.hospicjumcieszyn.pl\/wp-content\/uploads\/2014\/11\/100_0632-180x135.jpg\" class=\"attachment-thumbnail size-thumbnail\" alt=\"\" srcset=\"https:\/\/www.hospicjumcieszyn.pl\/wp-content\/uploads\/2014\/11\/100_0632-180x135.jpg 180w, https:\/\/www.hospicjumcieszyn.pl\/wp-content\/uploads\/2014\/11\/100_0632-363x272.jpg 363w, https:\/\/www.hospicjumcieszyn.pl\/wp-content\/uploads\/2014\/11\/100_0632-726x544.jpg 726w, https:\/\/www.hospicjumcieszyn.pl\/wp-content\/uploads\/2014\/11\/100_0632.jpg 1024w\" sizes=\"(max-width: 180px) 100vw, 180px\" \/><\/a>\n\t\t\t<\/div><\/figure><figure class='gallery-item'>\n\t\t\t<div class='gallery-icon portrait'>\n\t\t\t\t<a href='https:\/\/www.hospicjumcieszyn.pl\/de\/przesliczna-wiolonczelistka\/100_0615\/#main'><img loading=\"lazy\" decoding=\"async\" width=\"180\" height=\"240\" src=\"https:\/\/www.hospicjumcieszyn.pl\/wp-content\/uploads\/2014\/11\/100_0615-180x240.jpg\" class=\"attachment-thumbnail size-thumbnail\" alt=\"\" srcset=\"https:\/\/www.hospicjumcieszyn.pl\/wp-content\/uploads\/2014\/11\/100_0615-180x240.jpg 180w, https:\/\/www.hospicjumcieszyn.pl\/wp-content\/uploads\/2014\/11\/100_0615-272x363.jpg 272w, https:\/\/www.hospicjumcieszyn.pl\/wp-content\/uploads\/2014\/11\/100_0615-544x726.jpg 544w, https:\/\/www.hospicjumcieszyn.pl\/wp-content\/uploads\/2014\/11\/100_0615.jpg 768w\" sizes=\"(max-width: 180px) 100vw, 180px\" \/><\/a>\n\t\t\t<\/div><\/figure><figure class='gallery-item'>\n\t\t\t<div class='gallery-icon landscape'>\n\t\t\t\t<a href='https:\/\/www.hospicjumcieszyn.pl\/de\/przesliczna-wiolonczelistka\/100_0619\/#main'><img loading=\"lazy\" decoding=\"async\" width=\"180\" height=\"135\" src=\"https:\/\/www.hospicjumcieszyn.pl\/wp-content\/uploads\/2014\/11\/100_0619-180x135.jpg\" class=\"attachment-thumbnail size-thumbnail\" alt=\"\" srcset=\"https:\/\/www.hospicjumcieszyn.pl\/wp-content\/uploads\/2014\/11\/100_0619-180x135.jpg 180w, https:\/\/www.hospicjumcieszyn.pl\/wp-content\/uploads\/2014\/11\/100_0619-363x272.jpg 363w, https:\/\/www.hospicjumcieszyn.pl\/wp-content\/uploads\/2014\/11\/100_0619-726x544.jpg 726w, https:\/\/www.hospicjumcieszyn.pl\/wp-content\/uploads\/2014\/11\/100_0619.jpg 1024w\" sizes=\"(max-width: 180px) 100vw, 180px\" \/><\/a>\n\t\t\t<\/div><\/figure><figure class='gallery-item'>\n\t\t\t<div class='gallery-icon landscape'>\n\t\t\t\t<a href='https:\/\/www.hospicjumcieszyn.pl\/de\/przesliczna-wiolonczelistka\/100_0616\/#main'><img loading=\"lazy\" decoding=\"async\" width=\"180\" height=\"135\" src=\"https:\/\/www.hospicjumcieszyn.pl\/wp-content\/uploads\/2014\/11\/100_0616-180x135.jpg\" class=\"attachment-thumbnail size-thumbnail\" alt=\"\" srcset=\"https:\/\/www.hospicjumcieszyn.pl\/wp-content\/uploads\/2014\/11\/100_0616-180x135.jpg 180w, https:\/\/www.hospicjumcieszyn.pl\/wp-content\/uploads\/2014\/11\/100_0616-363x272.jpg 363w, https:\/\/www.hospicjumcieszyn.pl\/wp-content\/uploads\/2014\/11\/100_0616-726x544.jpg 726w, https:\/\/www.hospicjumcieszyn.pl\/wp-content\/uploads\/2014\/11\/100_0616.jpg 1024w\" sizes=\"(max-width: 180px) 100vw, 180px\" \/><\/a>\n\t\t\t<\/div><\/figure><figure class='gallery-item'>\n\t\t\t<div class='gallery-icon landscape'>\n\t\t\t\t<a href='https:\/\/www.hospicjumcieszyn.pl\/de\/przesliczna-wiolonczelistka\/100_0618\/#main'><img loading=\"lazy\" decoding=\"async\" width=\"180\" height=\"135\" src=\"https:\/\/www.hospicjumcieszyn.pl\/wp-content\/uploads\/2014\/11\/100_0618-180x135.jpg\" class=\"attachment-thumbnail size-thumbnail\" alt=\"\" srcset=\"https:\/\/www.hospicjumcieszyn.pl\/wp-content\/uploads\/2014\/11\/100_0618-180x135.jpg 180w, https:\/\/www.hospicjumcieszyn.pl\/wp-content\/uploads\/2014\/11\/100_0618-363x272.jpg 363w, https:\/\/www.hospicjumcieszyn.pl\/wp-content\/uploads\/2014\/11\/100_0618-726x544.jpg 726w, https:\/\/www.hospicjumcieszyn.pl\/wp-content\/uploads\/2014\/11\/100_0618.jpg 1024w\" sizes=\"(max-width: 180px) 100vw, 180px\" \/><\/a>\n\t\t\t<\/div><\/figure><figure class='gallery-item'>\n\t\t\t<div class='gallery-icon landscape'>\n\t\t\t\t<a href='https:\/\/www.hospicjumcieszyn.pl\/de\/przesliczna-wiolonczelistka\/100_0622\/#main'><img loading=\"lazy\" decoding=\"async\" width=\"180\" height=\"135\" src=\"https:\/\/www.hospicjumcieszyn.pl\/wp-content\/uploads\/2014\/11\/100_0622-180x135.jpg\" class=\"attachment-thumbnail size-thumbnail\" alt=\"\" srcset=\"https:\/\/www.hospicjumcieszyn.pl\/wp-content\/uploads\/2014\/11\/100_0622-180x135.jpg 180w, https:\/\/www.hospicjumcieszyn.pl\/wp-content\/uploads\/2014\/11\/100_0622-363x272.jpg 363w, https:\/\/www.hospicjumcieszyn.pl\/wp-content\/uploads\/2014\/11\/100_0622-726x544.jpg 726w, https:\/\/www.hospicjumcieszyn.pl\/wp-content\/uploads\/2014\/11\/100_0622.jpg 1024w\" sizes=\"(max-width: 180px) 100vw, 180px\" \/><\/a>\n\t\t\t<\/div><\/figure><figure class='gallery-item'>\n\t\t\t<div class='gallery-icon landscape'>\n\t\t\t\t<a href='https:\/\/www.hospicjumcieszyn.pl\/de\/przesliczna-wiolonczelistka\/100_0627\/#main'><img loading=\"lazy\" decoding=\"async\" width=\"180\" height=\"135\" src=\"https:\/\/www.hospicjumcieszyn.pl\/wp-content\/uploads\/2014\/11\/100_0627-180x135.jpg\" class=\"attachment-thumbnail size-thumbnail\" alt=\"\" srcset=\"https:\/\/www.hospicjumcieszyn.pl\/wp-content\/uploads\/2014\/11\/100_0627-180x135.jpg 180w, https:\/\/www.hospicjumcieszyn.pl\/wp-content\/uploads\/2014\/11\/100_0627-363x272.jpg 363w, https:\/\/www.hospicjumcieszyn.pl\/wp-content\/uploads\/2014\/11\/100_0627-726x544.jpg 726w, https:\/\/www.hospicjumcieszyn.pl\/wp-content\/uploads\/2014\/11\/100_0627.jpg 1024w\" sizes=\"(max-width: 180px) 100vw, 180px\" \/><\/a>\n\t\t\t<\/div><\/figure><figure class='gallery-item'>\n\t\t\t<div class='gallery-icon landscape'>\n\t\t\t\t<a href='https:\/\/www.hospicjumcieszyn.pl\/de\/przesliczna-wiolonczelistka\/100_0626\/#main'><img loading=\"lazy\" decoding=\"async\" width=\"180\" height=\"135\" src=\"https:\/\/www.hospicjumcieszyn.pl\/wp-content\/uploads\/2014\/11\/100_0626-180x135.jpg\" class=\"attachment-thumbnail size-thumbnail\" alt=\"\" srcset=\"https:\/\/www.hospicjumcieszyn.pl\/wp-content\/uploads\/2014\/11\/100_0626-180x135.jpg 180w, https:\/\/www.hospicjumcieszyn.pl\/wp-content\/uploads\/2014\/11\/100_0626-363x272.jpg 363w, https:\/\/www.hospicjumcieszyn.pl\/wp-content\/uploads\/2014\/11\/100_0626-726x544.jpg 726w, https:\/\/www.hospicjumcieszyn.pl\/wp-content\/uploads\/2014\/11\/100_0626.jpg 1024w\" sizes=\"(max-width: 180px) 100vw, 180px\" \/><\/a>\n\t\t\t<\/div><\/figure><figure class='gallery-item'>\n\t\t\t<div class='gallery-icon landscape'>\n\t\t\t\t<a href='https:\/\/www.hospicjumcieszyn.pl\/de\/przesliczna-wiolonczelistka\/100_0634\/#main'><img loading=\"lazy\" decoding=\"async\" width=\"180\" height=\"135\" src=\"https:\/\/www.hospicjumcieszyn.pl\/wp-content\/uploads\/2014\/11\/100_0634-180x135.jpg\" class=\"attachment-thumbnail size-thumbnail\" alt=\"\" srcset=\"https:\/\/www.hospicjumcieszyn.pl\/wp-content\/uploads\/2014\/11\/100_0634-180x135.jpg 180w, https:\/\/www.hospicjumcieszyn.pl\/wp-content\/uploads\/2014\/11\/100_0634-363x272.jpg 363w, https:\/\/www.hospicjumcieszyn.pl\/wp-content\/uploads\/2014\/11\/100_0634-726x544.jpg 726w, https:\/\/www.hospicjumcieszyn.pl\/wp-content\/uploads\/2014\/11\/100_0634.jpg 1024w\" sizes=\"(max-width: 180px) 100vw, 180px\" \/><\/a>\n\t\t\t<\/div><\/figure><figure class='gallery-item'>\n\t\t\t<div class='gallery-icon landscape'>\n\t\t\t\t<a href='https:\/\/www.hospicjumcieszyn.pl\/de\/przesliczna-wiolonczelistka\/100_0629\/#main'><img loading=\"lazy\" decoding=\"async\" width=\"180\" height=\"135\" src=\"https:\/\/www.hospicjumcieszyn.pl\/wp-content\/uploads\/2014\/11\/100_0629-180x135.jpg\" class=\"attachment-thumbnail size-thumbnail\" alt=\"\" srcset=\"https:\/\/www.hospicjumcieszyn.pl\/wp-content\/uploads\/2014\/11\/100_0629-180x135.jpg 180w, https:\/\/www.hospicjumcieszyn.pl\/wp-content\/uploads\/2014\/11\/100_0629-363x272.jpg 363w, https:\/\/www.hospicjumcieszyn.pl\/wp-content\/uploads\/2014\/11\/100_0629-726x544.jpg 726w, https:\/\/www.hospicjumcieszyn.pl\/wp-content\/uploads\/2014\/11\/100_0629.jpg 1024w\" sizes=\"(max-width: 180px) 100vw, 180px\" \/><\/a>\n\t\t\t<\/div><\/figure>\n\t\t<\/div>\n\n","protected":false},"excerpt":{"rendered":"<p>Ze wzruszeniem publiczno\u015b\u0107 Teatru im. A. Mickiewicza s\u0142ucha\u0142a przeboj\u00f3w zespo\u0142u SKALDOWIE, kt\u00f3ry na zaproszenie Stowarzyszenia SCI, wyst\u0105pi\u0142 w Cieszynie w niedziel\u0119 9 listopada i zagra\u0142 na rzecz naszego Hospicjum. Na koncert przysz\u0142o ponad p\u00f3\u0142 tysi\u0105ca os\u00f3b w bardzo r\u00f3\u017cnym wieku, a w organizacji pomagali zar\u00f3wno wolontariusze wspomnianego SCI, jak i wolontariusze hospicyjni z m\u0142odzie\u017c\u0105. Zebranych &#8230; <a title=\"Prze\u015bliczna wiolonczelistka\" class=\"read-more\" href=\"https:\/\/www.hospicjumcieszyn.pl\/de\/przesliczna-wiolonczelistka\/\" aria-label=\"Mehr dazu unter Prze\u015bliczna wiolonczelistka\">Weiterlesen<\/a><\/p>\n","protected":false},"author":4,"featured_media":1660,"comment_status":"closed","ping_status":"closed","sticky":false,"template":"","format":"standard","meta":{"footnotes":""},"categories":[9],"tags":[],"acf":[],"_links":{"self":[{"href":"https:\/\/www.hospicjumcieszyn.pl\/de\/wp-json\/wp\/v2\/posts\/1650"}],"collection":[{"href":"https:\/\/www.hospicjumcieszyn.pl\/de\/wp-json\/wp\/v2\/posts"}],"about":[{"href":"https:\/\/www.hospicjumcieszyn.pl\/de\/wp-json\/wp\/v2\/types\/post"}],"author":[{"embeddable":true,"href":"https:\/\/www.hospicjumcieszyn.pl\/de\/wp-json\/wp\/v2\/users\/4"}],"replies":[{"embeddable":true,"href":"https:\/\/www.hospicjumcieszyn.pl\/de\/wp-json\/wp\/v2\/comments?post=1650"}],"version-history":[{"count":1,"href":"https:\/\/www.hospicjumcieszyn.pl\/de\/wp-json\/wp\/v2\/posts\/1650\/revisions"}],"predecessor-version":[{"id":1661,"href":"https:\/\/www.hospicjumcieszyn.pl\/de\/wp-json\/wp\/v2\/posts\/1650\/revisions\/1661"}],"wp:featuredmedia":[{"embeddable":true,"href":"https:\/\/www.hospicjumcieszyn.pl\/de\/wp-json\/wp\/v2\/media\/1660"}],"wp:attachment":[{"href":"https:\/\/www.hospicjumcieszyn.pl\/de\/wp-json\/wp\/v2\/media?parent=1650"}],"wp:term":[{"taxonomy":"category","embeddable":true,"href":"https:\/\/www.hospicjumcieszyn.pl\/de\/wp-json\/wp\/v2\/categories?post=1650"},{"taxonomy":"post_tag","embeddable":true,"href":"https:\/\/www.hospicjumcieszyn.pl\/de\/wp-json\/wp\/v2\/tags?post=1650"}],"curies":[{"name":"wp","href":"https:\/\/api.w.org\/{rel}","templated":true}]}}