{"id":1672,"date":"2014-12-02T11:40:27","date_gmt":"2014-12-02T10:40:27","guid":{"rendered":"https:\/\/www.hospicjumcieszyn.pl\/?p=1672"},"modified":"2014-12-02T11:41:29","modified_gmt":"2014-12-02T10:41:29","slug":"owocne-spotkanie","status":"publish","type":"post","link":"https:\/\/www.hospicjumcieszyn.pl\/de\/owocne-spotkanie\/","title":{"rendered":"Owocne spotkanie"},"content":{"rendered":"<p style=\"text-align: justify;\">Temat \u017ca\u0142oby w Hospicjum nie jest niczym nowym, ale spotkanie, jakie mia\u0142o miejsce 19 listopada w II LO im. M. Kopernika by\u0142o bardzo owocne. W ramach XI Kampanii Hospicyjnej i programu &#8220;Tumbo pomaga&#8221; zorganizowali\u015bmy panel i warsztaty o tym, jak pom\u00f3c dzieciom i m\u0142odzie\u017cy pozostaj\u0105cej w \u017ca\u0142obie po bliskim zmar\u0142ym.<\/p>\n<p style=\"text-align: justify;\">Temat okaza\u0142 si\u0119 bardzo wa\u017cny, a wypowiedzi ekspert\u00f3w (Anna W\u0105sik &#8211; psycholog, Halina\u00a0Sajdok-\u017by\u0142a &#8211; wolontariusz Hospicjum, o. Rafa\u0142 Kogut &#8211; kapelan Hospicjum, Romana Szmidt-Kr\u00f3l &#8211; matka i wdowa) wzbudzi\u0142y du\u017ce zainteresowanie i dyskusj\u0119.<\/p>\n<p style=\"text-align: justify;\">R\u00f3wnym powodzeniem cieszy\u0142 si\u0119 spektakl w wykonaniu m\u0142odzie\u017cy licealnej.<\/p>\n<p>Uczestnicy mogli r\u00f3wnie\u017c skorzysta\u0107 z literatury, kt\u00f3r\u0105 posiadamy w bibliotece hospicyjnej.<\/p>\n<p>&nbsp;<\/p>\n<div id='gallery-1' class='gallery galleryid-1672 gallery-columns-3 gallery-size-thumbnail'><figure class='gallery-item'>\n\t\t\t<div class='gallery-icon landscape'>\n\t\t\t\t<a href='https:\/\/www.hospicjumcieszyn.pl\/de\/owocne-spotkanie\/panel-1\/#main'><img loading=\"lazy\" decoding=\"async\" width=\"180\" height=\"119\" src=\"https:\/\/www.hospicjumcieszyn.pl\/wp-content\/uploads\/2014\/12\/panel-1-180x119.jpg\" class=\"attachment-thumbnail size-thumbnail\" alt=\"\" srcset=\"https:\/\/www.hospicjumcieszyn.pl\/wp-content\/uploads\/2014\/12\/panel-1-180x119.jpg 180w, https:\/\/www.hospicjumcieszyn.pl\/wp-content\/uploads\/2014\/12\/panel-1-363x241.jpg 363w, https:\/\/www.hospicjumcieszyn.pl\/wp-content\/uploads\/2014\/12\/panel-1.jpg 520w\" sizes=\"(max-width: 180px) 100vw, 180px\" \/><\/a>\n\t\t\t<\/div><\/figure><figure class='gallery-item'>\n\t\t\t<div class='gallery-icon landscape'>\n\t\t\t\t<a href='https:\/\/www.hospicjumcieszyn.pl\/de\/owocne-spotkanie\/panel\/#main'><img loading=\"lazy\" decoding=\"async\" width=\"180\" height=\"119\" src=\"https:\/\/www.hospicjumcieszyn.pl\/wp-content\/uploads\/2014\/12\/panel-180x119.jpg\" class=\"attachment-thumbnail size-thumbnail\" alt=\"\" srcset=\"https:\/\/www.hospicjumcieszyn.pl\/wp-content\/uploads\/2014\/12\/panel-180x119.jpg 180w, https:\/\/www.hospicjumcieszyn.pl\/wp-content\/uploads\/2014\/12\/panel-363x241.jpg 363w, https:\/\/www.hospicjumcieszyn.pl\/wp-content\/uploads\/2014\/12\/panel.jpg 520w\" sizes=\"(max-width: 180px) 100vw, 180px\" \/><\/a>\n\t\t\t<\/div><\/figure><figure class='gallery-item'>\n\t\t\t<div class='gallery-icon landscape'>\n\t\t\t\t<a href='https:\/\/www.hospicjumcieszyn.pl\/de\/owocne-spotkanie\/993276_img_8302_4\/#main'><img loading=\"lazy\" decoding=\"async\" width=\"180\" height=\"119\" src=\"https:\/\/www.hospicjumcieszyn.pl\/wp-content\/uploads\/2014\/12\/993276_IMG_8302_4-180x119.jpg\" class=\"attachment-thumbnail size-thumbnail\" alt=\"\" srcset=\"https:\/\/www.hospicjumcieszyn.pl\/wp-content\/uploads\/2014\/12\/993276_IMG_8302_4-180x119.jpg 180w, https:\/\/www.hospicjumcieszyn.pl\/wp-content\/uploads\/2014\/12\/993276_IMG_8302_4-363x241.jpg 363w, https:\/\/www.hospicjumcieszyn.pl\/wp-content\/uploads\/2014\/12\/993276_IMG_8302_4.jpg 520w\" sizes=\"(max-width: 180px) 100vw, 180px\" \/><\/a>\n\t\t\t<\/div><\/figure><figure class='gallery-item'>\n\t\t\t<div class='gallery-icon landscape'>\n\t\t\t\t<a href='https:\/\/www.hospicjumcieszyn.pl\/de\/owocne-spotkanie\/993305_img_8316_4\/#main'><img loading=\"lazy\" decoding=\"async\" width=\"180\" height=\"119\" src=\"https:\/\/www.hospicjumcieszyn.pl\/wp-content\/uploads\/2014\/12\/993305_IMG_8316_4-180x119.jpg\" class=\"attachment-thumbnail size-thumbnail\" alt=\"\" srcset=\"https:\/\/www.hospicjumcieszyn.pl\/wp-content\/uploads\/2014\/12\/993305_IMG_8316_4-180x119.jpg 180w, https:\/\/www.hospicjumcieszyn.pl\/wp-content\/uploads\/2014\/12\/993305_IMG_8316_4-363x241.jpg 363w, https:\/\/www.hospicjumcieszyn.pl\/wp-content\/uploads\/2014\/12\/993305_IMG_8316_4.jpg 520w\" sizes=\"(max-width: 180px) 100vw, 180px\" \/><\/a>\n\t\t\t<\/div><\/figure>\n\t\t<\/div>\n\n","protected":false},"excerpt":{"rendered":"<p>Temat \u017ca\u0142oby w Hospicjum nie jest niczym nowym, ale spotkanie, jakie mia\u0142o miejsce 19 listopada w II LO im. M. Kopernika by\u0142o bardzo owocne. W ramach XI Kampanii Hospicyjnej i programu &#8220;Tumbo pomaga&#8221; zorganizowali\u015bmy panel i warsztaty o tym, jak pom\u00f3c dzieciom i m\u0142odzie\u017cy pozostaj\u0105cej w \u017ca\u0142obie po bliskim zmar\u0142ym. Temat okaza\u0142 si\u0119 bardzo wa\u017cny, &#8230; <a title=\"Owocne spotkanie\" class=\"read-more\" href=\"https:\/\/www.hospicjumcieszyn.pl\/de\/owocne-spotkanie\/\" aria-label=\"Mehr dazu unter Owocne spotkanie\">Weiterlesen<\/a><\/p>\n","protected":false},"author":4,"featured_media":1676,"comment_status":"closed","ping_status":"closed","sticky":false,"template":"","format":"standard","meta":{"footnotes":""},"categories":[9],"tags":[],"acf":[],"_links":{"self":[{"href":"https:\/\/www.hospicjumcieszyn.pl\/de\/wp-json\/wp\/v2\/posts\/1672"}],"collection":[{"href":"https:\/\/www.hospicjumcieszyn.pl\/de\/wp-json\/wp\/v2\/posts"}],"about":[{"href":"https:\/\/www.hospicjumcieszyn.pl\/de\/wp-json\/wp\/v2\/types\/post"}],"author":[{"embeddable":true,"href":"https:\/\/www.hospicjumcieszyn.pl\/de\/wp-json\/wp\/v2\/users\/4"}],"replies":[{"embeddable":true,"href":"https:\/\/www.hospicjumcieszyn.pl\/de\/wp-json\/wp\/v2\/comments?post=1672"}],"version-history":[{"count":2,"href":"https:\/\/www.hospicjumcieszyn.pl\/de\/wp-json\/wp\/v2\/posts\/1672\/revisions"}],"predecessor-version":[{"id":1678,"href":"https:\/\/www.hospicjumcieszyn.pl\/de\/wp-json\/wp\/v2\/posts\/1672\/revisions\/1678"}],"wp:featuredmedia":[{"embeddable":true,"href":"https:\/\/www.hospicjumcieszyn.pl\/de\/wp-json\/wp\/v2\/media\/1676"}],"wp:attachment":[{"href":"https:\/\/www.hospicjumcieszyn.pl\/de\/wp-json\/wp\/v2\/media?parent=1672"}],"wp:term":[{"taxonomy":"category","embeddable":true,"href":"https:\/\/www.hospicjumcieszyn.pl\/de\/wp-json\/wp\/v2\/categories?post=1672"},{"taxonomy":"post_tag","embeddable":true,"href":"https:\/\/www.hospicjumcieszyn.pl\/de\/wp-json\/wp\/v2\/tags?post=1672"}],"curies":[{"name":"wp","href":"https:\/\/api.w.org\/{rel}","templated":true}]}}