{"id":1723,"date":"2014-12-24T10:02:19","date_gmt":"2014-12-24T09:02:19","guid":{"rendered":"https:\/\/www.hospicjumcieszyn.pl\/?p=1723"},"modified":"2014-12-24T10:05:16","modified_gmt":"2014-12-24T09:05:16","slug":"wesolych-swiat-3","status":"publish","type":"post","link":"https:\/\/www.hospicjumcieszyn.pl\/de\/wesolych-swiat-3\/","title":{"rendered":"Weso\u0142ych \u015awi\u0105t!"},"content":{"rendered":"<p>Aby ten szczeg\u00f3lny czas &#8211;<img loading=\"lazy\" decoding=\"async\" class=\"alignright  wp-image-1722\" src=\"https:\/\/www.hospicjumcieszyn.pl\/wp-content\/uploads\/2014\/12\/1024px-Gerard_van_Honthorst_001-180x144.jpg\" alt=\"1024px-Gerard_van_Honthorst_001\" width=\"277\" height=\"222\" srcset=\"https:\/\/www.hospicjumcieszyn.pl\/wp-content\/uploads\/2014\/12\/1024px-Gerard_van_Honthorst_001-180x144.jpg 180w, https:\/\/www.hospicjumcieszyn.pl\/wp-content\/uploads\/2014\/12\/1024px-Gerard_van_Honthorst_001-363x290.jpg 363w, https:\/\/www.hospicjumcieszyn.pl\/wp-content\/uploads\/2014\/12\/1024px-Gerard_van_Honthorst_001-726x579.jpg 726w, https:\/\/www.hospicjumcieszyn.pl\/wp-content\/uploads\/2014\/12\/1024px-Gerard_van_Honthorst_001.jpg 1024w\" sizes=\"(max-width: 277px) 100vw, 277px\" \/><\/p>\n<p>&#8211; czas \u015bwi\u0119towania Narodzenia Pa\u0144skiego &#8211;<\/p>\n<p>przyni\u00f3s\u0142 Wam pok\u00f3j i nadziej\u0119 &#8211;<\/p>\n<p>&#8211; owoce blisko\u015bci Boga,<\/p>\n<p>Kt\u00f3ry objawi\u0142 swoj\u0105 Mi\u0142o\u015b\u0107 w Male\u0144kim Dziecku&#8230;<\/p>\n<p>&nbsp;<\/p>\n<p><em>Zarz\u0105d i Wolontariusze Hospicjum im. \u0141ukasza Ewangelisty<\/em><\/p>\n","protected":false},"excerpt":{"rendered":"<p>Aby ten szczeg\u00f3lny czas &#8211; &#8211; czas \u015bwi\u0119towania Narodzenia Pa\u0144skiego &#8211; przyni\u00f3s\u0142 Wam pok\u00f3j i nadziej\u0119 &#8211; &#8211; owoce blisko\u015bci Boga, Kt\u00f3ry objawi\u0142 swoj\u0105 Mi\u0142o\u015b\u0107 w Male\u0144kim Dziecku&#8230; &nbsp; Zarz\u0105d i Wolontariusze Hospicjum im. \u0141ukasza Ewangelisty<\/p>\n","protected":false},"author":4,"featured_media":1722,"comment_status":"closed","ping_status":"closed","sticky":false,"template":"","format":"standard","meta":{"footnotes":""},"categories":[1],"tags":[],"acf":[],"_links":{"self":[{"href":"https:\/\/www.hospicjumcieszyn.pl\/de\/wp-json\/wp\/v2\/posts\/1723"}],"collection":[{"href":"https:\/\/www.hospicjumcieszyn.pl\/de\/wp-json\/wp\/v2\/posts"}],"about":[{"href":"https:\/\/www.hospicjumcieszyn.pl\/de\/wp-json\/wp\/v2\/types\/post"}],"author":[{"embeddable":true,"href":"https:\/\/www.hospicjumcieszyn.pl\/de\/wp-json\/wp\/v2\/users\/4"}],"replies":[{"embeddable":true,"href":"https:\/\/www.hospicjumcieszyn.pl\/de\/wp-json\/wp\/v2\/comments?post=1723"}],"version-history":[{"count":4,"href":"https:\/\/www.hospicjumcieszyn.pl\/de\/wp-json\/wp\/v2\/posts\/1723\/revisions"}],"predecessor-version":[{"id":1727,"href":"https:\/\/www.hospicjumcieszyn.pl\/de\/wp-json\/wp\/v2\/posts\/1723\/revisions\/1727"}],"wp:featuredmedia":[{"embeddable":true,"href":"https:\/\/www.hospicjumcieszyn.pl\/de\/wp-json\/wp\/v2\/media\/1722"}],"wp:attachment":[{"href":"https:\/\/www.hospicjumcieszyn.pl\/de\/wp-json\/wp\/v2\/media?parent=1723"}],"wp:term":[{"taxonomy":"category","embeddable":true,"href":"https:\/\/www.hospicjumcieszyn.pl\/de\/wp-json\/wp\/v2\/categories?post=1723"},{"taxonomy":"post_tag","embeddable":true,"href":"https:\/\/www.hospicjumcieszyn.pl\/de\/wp-json\/wp\/v2\/tags?post=1723"}],"curies":[{"name":"wp","href":"https:\/\/api.w.org\/{rel}","templated":true}]}}