{"id":1751,"date":"2015-01-11T12:56:46","date_gmt":"2015-01-11T11:56:46","guid":{"rendered":"https:\/\/www.hospicjumcieszyn.pl\/?p=1751"},"modified":"2015-01-11T13:07:35","modified_gmt":"2015-01-11T12:07:35","slug":"jaselka-dla-hospicjum","status":"publish","type":"post","link":"https:\/\/www.hospicjumcieszyn.pl\/de\/jaselka-dla-hospicjum\/","title":{"rendered":"Jase\u0142ka dla Hospicjum"},"content":{"rendered":"<p style=\"text-align: justify;\">Uczniowie Szko\u0142y Podstawowej Nr 7 w Cieszynie-Krasnej zapraszaj\u0105 w dniu 25 stycznia tj. w niedziel\u0119 na godzin\u0119 15.00 do Ko\u015bcio\u0142a NSPJ w Krasnej ca\u0142\u0105 spo\u0142eczno\u015b\u0107 lokaln\u0105, zw\u0142aszcza Babcie i Dziadk\u00f3w z okazji Ich \u015awi\u0119ta \ud83d\ude42 na przedstawienie Jase\u0142ek.<\/p>\n<p style=\"text-align: justify;\">Chcemy tak\u017ce pami\u0119ta\u0107 o chorych i cierpi\u0105cych z Hospicjum im. \u0141ukasza Ewangelisty w Cieszynie. Po Jase\u0142kach b\u0119dzie mo\u017cna wesprze\u0107 materialnie potrzeby Hospicjum.<\/p>\n<p style=\"text-align: justify;\">W imieniu Organizator\u00f3w: Dyrektora, Grona Pedagogicznego oraz Uczni\u00f3w SP nr 7 &#8211; serdecznie zapraszamy!!!<\/p>\n","protected":false},"excerpt":{"rendered":"<p>Uczniowie Szko\u0142y Podstawowej Nr 7 w Cieszynie-Krasnej zapraszaj\u0105 w dniu 25 stycznia tj. w niedziel\u0119 na godzin\u0119 15.00 do Ko\u015bcio\u0142a NSPJ w Krasnej ca\u0142\u0105 spo\u0142eczno\u015b\u0107 lokaln\u0105, zw\u0142aszcza Babcie i Dziadk\u00f3w z okazji Ich \u015awi\u0119ta \ud83d\ude42 na przedstawienie Jase\u0142ek. Chcemy tak\u017ce pami\u0119ta\u0107 o chorych i cierpi\u0105cych z Hospicjum im. \u0141ukasza Ewangelisty w Cieszynie. Po Jase\u0142kach b\u0119dzie &#8230; <a title=\"Jase\u0142ka dla Hospicjum\" class=\"read-more\" href=\"https:\/\/www.hospicjumcieszyn.pl\/de\/jaselka-dla-hospicjum\/\" aria-label=\"Mehr dazu unter Jase\u0142ka dla Hospicjum\">Weiterlesen<\/a><\/p>\n","protected":false},"author":4,"featured_media":0,"comment_status":"closed","ping_status":"closed","sticky":false,"template":"","format":"standard","meta":{"footnotes":""},"categories":[1],"tags":[],"acf":[],"_links":{"self":[{"href":"https:\/\/www.hospicjumcieszyn.pl\/de\/wp-json\/wp\/v2\/posts\/1751"}],"collection":[{"href":"https:\/\/www.hospicjumcieszyn.pl\/de\/wp-json\/wp\/v2\/posts"}],"about":[{"href":"https:\/\/www.hospicjumcieszyn.pl\/de\/wp-json\/wp\/v2\/types\/post"}],"author":[{"embeddable":true,"href":"https:\/\/www.hospicjumcieszyn.pl\/de\/wp-json\/wp\/v2\/users\/4"}],"replies":[{"embeddable":true,"href":"https:\/\/www.hospicjumcieszyn.pl\/de\/wp-json\/wp\/v2\/comments?post=1751"}],"version-history":[{"count":2,"href":"https:\/\/www.hospicjumcieszyn.pl\/de\/wp-json\/wp\/v2\/posts\/1751\/revisions"}],"predecessor-version":[{"id":1755,"href":"https:\/\/www.hospicjumcieszyn.pl\/de\/wp-json\/wp\/v2\/posts\/1751\/revisions\/1755"}],"wp:attachment":[{"href":"https:\/\/www.hospicjumcieszyn.pl\/de\/wp-json\/wp\/v2\/media?parent=1751"}],"wp:term":[{"taxonomy":"category","embeddable":true,"href":"https:\/\/www.hospicjumcieszyn.pl\/de\/wp-json\/wp\/v2\/categories?post=1751"},{"taxonomy":"post_tag","embeddable":true,"href":"https:\/\/www.hospicjumcieszyn.pl\/de\/wp-json\/wp\/v2\/tags?post=1751"}],"curies":[{"name":"wp","href":"https:\/\/api.w.org\/{rel}","templated":true}]}}