{"id":177,"date":"2012-07-16T22:33:19","date_gmt":"2012-07-16T20:33:19","guid":{"rendered":"http:\/\/hospicjumcieszyn.pl\/?p=177"},"modified":"2013-10-08T18:11:24","modified_gmt":"2013-10-08T16:11:24","slug":"uwaga-nowy-projekt-na-basenie","status":"publish","type":"post","link":"https:\/\/www.hospicjumcieszyn.pl\/de\/uwaga-nowy-projekt-na-basenie\/","title":{"rendered":"Uwaga! Nowy projekt na basenie!"},"content":{"rendered":"<p>Wa\u017cna informacja dla wolontariuszy! Ot\u00f3\u017c do 20 lipca nale\u017cy potwierdzi\u0107 sw\u00f3j udzia\u0142 w zaj\u0119ciach zwi\u0105zanych z popraw\u0105 kondycji na basenie przy SP4, kt\u00f3re rozpoczynaj\u0105 si\u0119 25 lipca i potrwaj\u0105 do 29 sierpnia. Osoby,kt\u00f3re zg\u0142osi\u0142y si\u0119 do tego projektu mog\u0105 przychodzi\u0107 w poniedzia\u0142ki i \u015brody w godzinach 15.oo-16.00. Zaj\u0119cia poprowadzi instruktorka fitness, podobnie jak w ubieg\u0142ym roku. Nowo\u015bci\u0105 b\u0119dzie natomiast spotkanie inauguracyjne z dietetyczk\u0105, kt\u00f3ra pracowa\u0142a w hospicjum kanadyjskim. Kontakt: Dorota Kania lub telefon biurowy we wtorki podczas dy\u017curu.<\/p>\n","protected":false},"excerpt":{"rendered":"<p>Wa\u017cna informacja dla wolontariuszy! Ot\u00f3\u017c do 20 lipca nale\u017cy potwierdzi\u0107 sw\u00f3j udzia\u0142 w zaj\u0119ciach zwi\u0105zanych z popraw\u0105 kondycji na basenie przy SP4, kt\u00f3re rozpoczynaj\u0105 si\u0119 25 lipca i potrwaj\u0105 do 29 sierpnia. Osoby,kt\u00f3re zg\u0142osi\u0142y si\u0119 do tego projektu mog\u0105 przychodzi\u0107 w poniedzia\u0142ki i \u015brody w godzinach 15.oo-16.00. Zaj\u0119cia poprowadzi instruktorka fitness, podobnie jak w ubieg\u0142ym &#8230; <a title=\"Uwaga! Nowy projekt na basenie!\" class=\"read-more\" href=\"https:\/\/www.hospicjumcieszyn.pl\/de\/uwaga-nowy-projekt-na-basenie\/\" aria-label=\"Mehr dazu unter Uwaga! Nowy projekt na basenie!\">Weiterlesen<\/a><\/p>\n","protected":false},"author":1,"featured_media":0,"comment_status":"closed","ping_status":"closed","sticky":false,"template":"","format":"standard","meta":{"footnotes":""},"categories":[6],"tags":[],"acf":[],"_links":{"self":[{"href":"https:\/\/www.hospicjumcieszyn.pl\/de\/wp-json\/wp\/v2\/posts\/177"}],"collection":[{"href":"https:\/\/www.hospicjumcieszyn.pl\/de\/wp-json\/wp\/v2\/posts"}],"about":[{"href":"https:\/\/www.hospicjumcieszyn.pl\/de\/wp-json\/wp\/v2\/types\/post"}],"author":[{"embeddable":true,"href":"https:\/\/www.hospicjumcieszyn.pl\/de\/wp-json\/wp\/v2\/users\/1"}],"replies":[{"embeddable":true,"href":"https:\/\/www.hospicjumcieszyn.pl\/de\/wp-json\/wp\/v2\/comments?post=177"}],"version-history":[{"count":3,"href":"https:\/\/www.hospicjumcieszyn.pl\/de\/wp-json\/wp\/v2\/posts\/177\/revisions"}],"predecessor-version":[{"id":896,"href":"https:\/\/www.hospicjumcieszyn.pl\/de\/wp-json\/wp\/v2\/posts\/177\/revisions\/896"}],"wp:attachment":[{"href":"https:\/\/www.hospicjumcieszyn.pl\/de\/wp-json\/wp\/v2\/media?parent=177"}],"wp:term":[{"taxonomy":"category","embeddable":true,"href":"https:\/\/www.hospicjumcieszyn.pl\/de\/wp-json\/wp\/v2\/categories?post=177"},{"taxonomy":"post_tag","embeddable":true,"href":"https:\/\/www.hospicjumcieszyn.pl\/de\/wp-json\/wp\/v2\/tags?post=177"}],"curies":[{"name":"wp","href":"https:\/\/api.w.org\/{rel}","templated":true}]}}