{"id":1900,"date":"2015-04-14T19:27:01","date_gmt":"2015-04-14T17:27:01","guid":{"rendered":"https:\/\/www.hospicjumcieszyn.pl\/?p=1900"},"modified":"2015-04-14T19:29:51","modified_gmt":"2015-04-14T17:29:51","slug":"pola-nadziei-trwaja-2","status":"publish","type":"post","link":"https:\/\/www.hospicjumcieszyn.pl\/de\/pola-nadziei-trwaja-2\/","title":{"rendered":"Pola Nadziei trwaj\u0105"},"content":{"rendered":"<p style=\"text-align: justify;\"><a href=\"https:\/\/www.hospicjumcieszyn.pl\/wp-content\/uploads\/2013\/08\/logo-pola-nadziei-new.jpg\"><img loading=\"lazy\" decoding=\"async\" class=\"alignright wp-image-768 size-full\" src=\"https:\/\/www.hospicjumcieszyn.pl\/wp-content\/uploads\/2013\/08\/logo-pola-nadziei-new.jpg\" alt=\"logo-pola-nadziei-new\" width=\"200\" height=\"165\" srcset=\"https:\/\/www.hospicjumcieszyn.pl\/wp-content\/uploads\/2013\/08\/logo-pola-nadziei-new.jpg 200w, https:\/\/www.hospicjumcieszyn.pl\/wp-content\/uploads\/2013\/08\/logo-pola-nadziei-new-180x148.jpg 180w\" sizes=\"(max-width: 200px) 100vw, 200px\" \/><\/a>W naszym Hospicjum, jak co roku na wiosn\u0119, przeprowadzanych jest wiele dzia\u0142a\u0144 w ramach P\u00f3l Nadziei.<\/p>\n<p style=\"text-align: justify;\">Kwestujemy przed ko\u015bcio\u0142ami, mi\u0119dzy innymi w parafii\u00a0\u015bw. Bart\u0142omieja w Ha\u017clachu, \u015bw. El\u017cbiety w Cieszynie, \u00a0\u015bw. Marii Magdaleny w Cieszynie i Naj\u015bwi\u0119tszego Serca Pana Jezusa w Krasnej.<\/p>\n<p style=\"text-align: justify;\">Dzieci i m\u0142odzie\u017c z zaanga\u017cowanych plac\u00f3wek bior\u0105 udzia\u0142 w konkursie plastycznym oraz dyktandzie, a 12 maja czeka je uroczysty Dzie\u0144 \u017bonkila z przemarszem spod Szko\u0142y Podstawowej nr 3 z Oddzia\u0142ami Integracyjnymi a\u017c na cieszy\u0144ski Rynek, a stamt\u0105d do Biblioteki Miejskiej, gdzie nast\u0105pi uroczyste podsumowanie akcji.<\/p>\n<p style=\"text-align: justify;\">A nasze \u017conkilowe rabatki ciesz\u0105 oczy pi\u0119knymi, \u017c\u00f3\u0142tymi \u017conkilami, przypominaj\u0105c cicho o swoim przes\u0142aniu&#8230;<\/p>\n","protected":false},"excerpt":{"rendered":"<p>W naszym Hospicjum, jak co roku na wiosn\u0119, przeprowadzanych jest wiele dzia\u0142a\u0144 w ramach P\u00f3l Nadziei. Kwestujemy przed ko\u015bcio\u0142ami, mi\u0119dzy innymi w parafii\u00a0\u015bw. Bart\u0142omieja w Ha\u017clachu, \u015bw. El\u017cbiety w Cieszynie, \u00a0\u015bw. Marii Magdaleny w Cieszynie i Naj\u015bwi\u0119tszego Serca Pana Jezusa w Krasnej. Dzieci i m\u0142odzie\u017c z zaanga\u017cowanych plac\u00f3wek bior\u0105 udzia\u0142 w konkursie plastycznym oraz dyktandzie, &#8230; <a title=\"Pola Nadziei trwaj\u0105\" class=\"read-more\" href=\"https:\/\/www.hospicjumcieszyn.pl\/de\/pola-nadziei-trwaja-2\/\" aria-label=\"Mehr dazu unter Pola Nadziei trwaj\u0105\">Weiterlesen<\/a><\/p>\n","protected":false},"author":4,"featured_media":0,"comment_status":"closed","ping_status":"closed","sticky":false,"template":"","format":"standard","meta":{"footnotes":""},"categories":[8],"tags":[],"acf":[],"_links":{"self":[{"href":"https:\/\/www.hospicjumcieszyn.pl\/de\/wp-json\/wp\/v2\/posts\/1900"}],"collection":[{"href":"https:\/\/www.hospicjumcieszyn.pl\/de\/wp-json\/wp\/v2\/posts"}],"about":[{"href":"https:\/\/www.hospicjumcieszyn.pl\/de\/wp-json\/wp\/v2\/types\/post"}],"author":[{"embeddable":true,"href":"https:\/\/www.hospicjumcieszyn.pl\/de\/wp-json\/wp\/v2\/users\/4"}],"replies":[{"embeddable":true,"href":"https:\/\/www.hospicjumcieszyn.pl\/de\/wp-json\/wp\/v2\/comments?post=1900"}],"version-history":[{"count":4,"href":"https:\/\/www.hospicjumcieszyn.pl\/de\/wp-json\/wp\/v2\/posts\/1900\/revisions"}],"predecessor-version":[{"id":1904,"href":"https:\/\/www.hospicjumcieszyn.pl\/de\/wp-json\/wp\/v2\/posts\/1900\/revisions\/1904"}],"wp:attachment":[{"href":"https:\/\/www.hospicjumcieszyn.pl\/de\/wp-json\/wp\/v2\/media?parent=1900"}],"wp:term":[{"taxonomy":"category","embeddable":true,"href":"https:\/\/www.hospicjumcieszyn.pl\/de\/wp-json\/wp\/v2\/categories?post=1900"},{"taxonomy":"post_tag","embeddable":true,"href":"https:\/\/www.hospicjumcieszyn.pl\/de\/wp-json\/wp\/v2\/tags?post=1900"}],"curies":[{"name":"wp","href":"https:\/\/api.w.org\/{rel}","templated":true}]}}