{"id":192,"date":"2012-10-06T22:39:01","date_gmt":"2012-10-06T20:39:01","guid":{"rendered":"http:\/\/hospicjumcieszyn.pl\/?p=192"},"modified":"2013-02-24T19:36:51","modified_gmt":"2013-02-24T18:36:51","slug":"koncert-jesienny","status":"publish","type":"post","link":"https:\/\/www.hospicjumcieszyn.pl\/de\/koncert-jesienny\/","title":{"rendered":"Koncert jesienny"},"content":{"rendered":"<p><a href=\"http:\/\/hospicjumcieszyn.pl\/wp-content\/uploads\/2013\/02\/1-3.jpg\"><img loading=\"lazy\" decoding=\"async\" class=\"alignleft size-thumbnail wp-image-193\" alt=\"1 (3)\" src=\"http:\/\/hospicjumcieszyn.pl\/wp-content\/uploads\/2013\/02\/1-3-180x240.jpg\" width=\"180\" height=\"240\" srcset=\"https:\/\/www.hospicjumcieszyn.pl\/wp-content\/uploads\/2013\/02\/1-3-180x240.jpg 180w, https:\/\/www.hospicjumcieszyn.pl\/wp-content\/uploads\/2013\/02\/1-3-272x363.jpg 272w, https:\/\/www.hospicjumcieszyn.pl\/wp-content\/uploads\/2013\/02\/1-3.jpg 450w\" sizes=\"(max-width: 180px) 100vw, 180px\" \/><\/a>Gor\u0105co zapraszamy na wyj\u0105tkowe wydarzenie dla HOSPICJUM!<br \/>\nB\u0119dzie nim Koncert Charytatywny w sobot\u0119 20 pa\u017adziernika, kt\u00f3ry rozpocznie si\u0119 o godz.17.00<br \/>\nU\u015bwietni go gwiazda wieczoru: Andrzej Rosiewicz oraz zespo\u0142y &#8220;Folkgeneracja&#8221; i &#8220;Klezmer&#8221;.<\/p>\n<p>Bilety w cenie 20,00 i 30,00 z\u0142 do nabycia w kasie Teatru.<\/p>\n<p>Wszelkie pytania i informacje pod nr. tel. 513665857 &#8211; Joanna Piotrowska-Cie\u015blar<\/p>\n","protected":false},"excerpt":{"rendered":"<p>Gor\u0105co zapraszamy na wyj\u0105tkowe wydarzenie dla HOSPICJUM! B\u0119dzie nim Koncert Charytatywny w sobot\u0119 20 pa\u017adziernika, kt\u00f3ry rozpocznie si\u0119 o godz.17.00 U\u015bwietni go gwiazda wieczoru: Andrzej Rosiewicz oraz zespo\u0142y &#8220;Folkgeneracja&#8221; i &#8220;Klezmer&#8221;. Bilety w cenie 20,00 i 30,00 z\u0142 do nabycia w kasie Teatru. Wszelkie pytania i informacje pod nr. tel. 513665857 &#8211; Joanna Piotrowska-Cie\u015blar<\/p>\n","protected":false},"author":1,"featured_media":0,"comment_status":"closed","ping_status":"closed","sticky":false,"template":"","format":"standard","meta":{"footnotes":""},"categories":[1],"tags":[],"acf":[],"_links":{"self":[{"href":"https:\/\/www.hospicjumcieszyn.pl\/de\/wp-json\/wp\/v2\/posts\/192"}],"collection":[{"href":"https:\/\/www.hospicjumcieszyn.pl\/de\/wp-json\/wp\/v2\/posts"}],"about":[{"href":"https:\/\/www.hospicjumcieszyn.pl\/de\/wp-json\/wp\/v2\/types\/post"}],"author":[{"embeddable":true,"href":"https:\/\/www.hospicjumcieszyn.pl\/de\/wp-json\/wp\/v2\/users\/1"}],"replies":[{"embeddable":true,"href":"https:\/\/www.hospicjumcieszyn.pl\/de\/wp-json\/wp\/v2\/comments?post=192"}],"version-history":[{"count":3,"href":"https:\/\/www.hospicjumcieszyn.pl\/de\/wp-json\/wp\/v2\/posts\/192\/revisions"}],"predecessor-version":[{"id":195,"href":"https:\/\/www.hospicjumcieszyn.pl\/de\/wp-json\/wp\/v2\/posts\/192\/revisions\/195"}],"wp:attachment":[{"href":"https:\/\/www.hospicjumcieszyn.pl\/de\/wp-json\/wp\/v2\/media?parent=192"}],"wp:term":[{"taxonomy":"category","embeddable":true,"href":"https:\/\/www.hospicjumcieszyn.pl\/de\/wp-json\/wp\/v2\/categories?post=192"},{"taxonomy":"post_tag","embeddable":true,"href":"https:\/\/www.hospicjumcieszyn.pl\/de\/wp-json\/wp\/v2\/tags?post=192"}],"curies":[{"name":"wp","href":"https:\/\/api.w.org\/{rel}","templated":true}]}}