{"id":2039,"date":"2015-08-11T17:48:36","date_gmt":"2015-08-11T15:48:36","guid":{"rendered":"https:\/\/www.hospicjumcieszyn.pl\/?p=2039"},"modified":"2015-08-11T17:49:35","modified_gmt":"2015-08-11T15:49:35","slug":"remontujemy","status":"publish","type":"post","link":"https:\/\/www.hospicjumcieszyn.pl\/de\/remontujemy\/","title":{"rendered":"Remontujemy"},"content":{"rendered":"<p style=\"text-align: justify;\">Tegoroczna wiosna i lato up\u0142ywaj\u0105\u00a0w Hospicjum pod znakiem remont\u00f3w. Po ponad dziesi\u0119ciu latach u\u017cywania lokalu biurowego i nieco kr\u00f3tszym czasie magazynu Zarz\u0105d zdecydowa\u0142 o przeprowadzeniu prac remontowych.<\/p>\n<p style=\"text-align: justify;\">Przy du\u017cym udziale ekipy ZBM Cieszyn uda\u0142o si\u0119 wymalowa\u0107 pomieszczenia na ul. Katowickiej (magazyn sprz\u0119tu), gdzie zakupili\u015bmy szaf\u0119 dostosowan\u0105 do naszych potrzeb.<\/p>\n<p style=\"text-align: justify;\">Natomiast\u00a0w biurze na ul. W\u0105skiej 2a wykonali\u015bmy gruntowne malowanie, wymian\u0119 wyk\u0142adziny i drobne prace wyko\u0144czeniowe, aby przystosowa\u0107 lokal do obecnych potrzeb.<\/p>\n<p style=\"text-align: justify;\">Mamy nadziej\u0119, \u017ce odwiedzaj\u0105cy nas i wolontariusze b\u0119d\u0105 zadowoleni z efektu ko\u0144cowego \ud83d\ude42<\/p>\n<div id='gallery-1' class='gallery galleryid-2039 gallery-columns-3 gallery-size-thumbnail'><figure class='gallery-item'>\n\t\t\t<div class='gallery-icon landscape'>\n\t\t\t\t<a href='https:\/\/www.hospicjumcieszyn.pl\/de\/remontujemy\/28052015j\/#main'><img loading=\"lazy\" decoding=\"async\" width=\"180\" height=\"135\" src=\"https:\/\/www.hospicjumcieszyn.pl\/wp-content\/uploads\/2015\/08\/28052015j-180x135.jpg\" class=\"attachment-thumbnail size-thumbnail\" alt=\"\" srcset=\"https:\/\/www.hospicjumcieszyn.pl\/wp-content\/uploads\/2015\/08\/28052015j-180x135.jpg 180w, https:\/\/www.hospicjumcieszyn.pl\/wp-content\/uploads\/2015\/08\/28052015j-363x272.jpg 363w, https:\/\/www.hospicjumcieszyn.pl\/wp-content\/uploads\/2015\/08\/28052015j.jpg 640w\" sizes=\"(max-width: 180px) 100vw, 180px\" \/><\/a>\n\t\t\t<\/div><\/figure><figure class='gallery-item'>\n\t\t\t<div class='gallery-icon landscape'>\n\t\t\t\t<a href='https:\/\/www.hospicjumcieszyn.pl\/de\/remontujemy\/29052015l\/#main'><img loading=\"lazy\" decoding=\"async\" width=\"180\" height=\"135\" src=\"https:\/\/www.hospicjumcieszyn.pl\/wp-content\/uploads\/2015\/08\/29052015l-180x135.jpg\" class=\"attachment-thumbnail size-thumbnail\" alt=\"\" srcset=\"https:\/\/www.hospicjumcieszyn.pl\/wp-content\/uploads\/2015\/08\/29052015l-180x135.jpg 180w, https:\/\/www.hospicjumcieszyn.pl\/wp-content\/uploads\/2015\/08\/29052015l-363x272.jpg 363w, https:\/\/www.hospicjumcieszyn.pl\/wp-content\/uploads\/2015\/08\/29052015l.jpg 640w\" sizes=\"(max-width: 180px) 100vw, 180px\" \/><\/a>\n\t\t\t<\/div><\/figure><figure class='gallery-item'>\n\t\t\t<div class='gallery-icon portrait'>\n\t\t\t\t<a href='https:\/\/www.hospicjumcieszyn.pl\/de\/remontujemy\/attachment\/29052015\/#main'><img loading=\"lazy\" decoding=\"async\" width=\"180\" height=\"240\" src=\"https:\/\/www.hospicjumcieszyn.pl\/wp-content\/uploads\/2015\/08\/29052015-180x240.jpg\" class=\"attachment-thumbnail size-thumbnail\" alt=\"\" srcset=\"https:\/\/www.hospicjumcieszyn.pl\/wp-content\/uploads\/2015\/08\/29052015-180x240.jpg 180w, https:\/\/www.hospicjumcieszyn.pl\/wp-content\/uploads\/2015\/08\/29052015-272x363.jpg 272w, https:\/\/www.hospicjumcieszyn.pl\/wp-content\/uploads\/2015\/08\/29052015.jpg 360w\" sizes=\"(max-width: 180px) 100vw, 180px\" \/><\/a>\n\t\t\t<\/div><\/figure><figure class='gallery-item'>\n\t\t\t<div class='gallery-icon portrait'>\n\t\t\t\t<a href='https:\/\/www.hospicjumcieszyn.pl\/de\/remontujemy\/attachment\/28052015\/#main'><img loading=\"lazy\" decoding=\"async\" width=\"180\" height=\"240\" src=\"https:\/\/www.hospicjumcieszyn.pl\/wp-content\/uploads\/2015\/08\/28052015-180x240.jpg\" class=\"attachment-thumbnail size-thumbnail\" alt=\"\" srcset=\"https:\/\/www.hospicjumcieszyn.pl\/wp-content\/uploads\/2015\/08\/28052015-180x240.jpg 180w, https:\/\/www.hospicjumcieszyn.pl\/wp-content\/uploads\/2015\/08\/28052015-272x363.jpg 272w, https:\/\/www.hospicjumcieszyn.pl\/wp-content\/uploads\/2015\/08\/28052015.jpg 360w\" sizes=\"(max-width: 180px) 100vw, 180px\" \/><\/a>\n\t\t\t<\/div><\/figure>\n\t\t<\/div>\n\n","protected":false},"excerpt":{"rendered":"<p>Tegoroczna wiosna i lato up\u0142ywaj\u0105\u00a0w Hospicjum pod znakiem remont\u00f3w. Po ponad dziesi\u0119ciu latach u\u017cywania lokalu biurowego i nieco kr\u00f3tszym czasie magazynu Zarz\u0105d zdecydowa\u0142 o przeprowadzeniu prac remontowych. Przy du\u017cym udziale ekipy ZBM Cieszyn uda\u0142o si\u0119 wymalowa\u0107 pomieszczenia na ul. Katowickiej (magazyn sprz\u0119tu), gdzie zakupili\u015bmy szaf\u0119 dostosowan\u0105 do naszych potrzeb. Natomiast\u00a0w biurze na ul. W\u0105skiej 2a &#8230; <a title=\"Remontujemy\" class=\"read-more\" href=\"https:\/\/www.hospicjumcieszyn.pl\/de\/remontujemy\/\" aria-label=\"Mehr dazu unter Remontujemy\">Weiterlesen<\/a><\/p>\n","protected":false},"author":4,"featured_media":2043,"comment_status":"closed","ping_status":"closed","sticky":false,"template":"","format":"standard","meta":{"footnotes":""},"categories":[1],"tags":[],"acf":[],"_links":{"self":[{"href":"https:\/\/www.hospicjumcieszyn.pl\/de\/wp-json\/wp\/v2\/posts\/2039"}],"collection":[{"href":"https:\/\/www.hospicjumcieszyn.pl\/de\/wp-json\/wp\/v2\/posts"}],"about":[{"href":"https:\/\/www.hospicjumcieszyn.pl\/de\/wp-json\/wp\/v2\/types\/post"}],"author":[{"embeddable":true,"href":"https:\/\/www.hospicjumcieszyn.pl\/de\/wp-json\/wp\/v2\/users\/4"}],"replies":[{"embeddable":true,"href":"https:\/\/www.hospicjumcieszyn.pl\/de\/wp-json\/wp\/v2\/comments?post=2039"}],"version-history":[{"count":2,"href":"https:\/\/www.hospicjumcieszyn.pl\/de\/wp-json\/wp\/v2\/posts\/2039\/revisions"}],"predecessor-version":[{"id":2045,"href":"https:\/\/www.hospicjumcieszyn.pl\/de\/wp-json\/wp\/v2\/posts\/2039\/revisions\/2045"}],"wp:featuredmedia":[{"embeddable":true,"href":"https:\/\/www.hospicjumcieszyn.pl\/de\/wp-json\/wp\/v2\/media\/2043"}],"wp:attachment":[{"href":"https:\/\/www.hospicjumcieszyn.pl\/de\/wp-json\/wp\/v2\/media?parent=2039"}],"wp:term":[{"taxonomy":"category","embeddable":true,"href":"https:\/\/www.hospicjumcieszyn.pl\/de\/wp-json\/wp\/v2\/categories?post=2039"},{"taxonomy":"post_tag","embeddable":true,"href":"https:\/\/www.hospicjumcieszyn.pl\/de\/wp-json\/wp\/v2\/tags?post=2039"}],"curies":[{"name":"wp","href":"https:\/\/api.w.org\/{rel}","templated":true}]}}