{"id":2050,"date":"2015-09-04T21:58:48","date_gmt":"2015-09-04T19:58:48","guid":{"rendered":"https:\/\/www.hospicjumcieszyn.pl\/?p=2050"},"modified":"2015-09-04T21:58:48","modified_gmt":"2015-09-04T19:58:48","slug":"wakacyjne-wspomnienia","status":"publish","type":"post","link":"https:\/\/www.hospicjumcieszyn.pl\/de\/wakacyjne-wspomnienia\/","title":{"rendered":"Wakacyjne wspomnienia&#8230;"},"content":{"rendered":"<p style=\"text-align: justify;\">Wakacje, pomimo nieprzerwanej opieki nad naszymi Chorymi, s\u0105 r\u00f3wnocze\u015bnie dobrym czasem na odpoczynek i regeneracj\u0119 dla wolontariuszy.<\/p>\n<p style=\"text-align: justify;\">Poza aktywno\u015bci\u0105 fizyczn\u0105 na basenie, znale\u017ali\u015bmy tak\u017ce czas na integracj\u0119 naszego hospicyjnego zespo\u0142u\u00a0na \u0142onie natury &#8211; w dniach 8-9 sierpnia wybrali\u015bmy si\u0119 na Ma\u0142y Sto\u017cek do Bac\u00f3wki, gdzie cieszyli\u015bmy si\u0119 swoim towarzystwem w\u015br\u00f3d nieko\u0144cz\u0105cych si\u0119 rozm\u00f3w, wsp\u00f3lnego \u015bpiewu i zwyczajnego bycia ze sob\u0105 \ud83d\ude42<\/p>\n","protected":false},"excerpt":{"rendered":"<p>Wakacje, pomimo nieprzerwanej opieki nad naszymi Chorymi, s\u0105 r\u00f3wnocze\u015bnie dobrym czasem na odpoczynek i regeneracj\u0119 dla wolontariuszy. Poza aktywno\u015bci\u0105 fizyczn\u0105 na basenie, znale\u017ali\u015bmy tak\u017ce czas na integracj\u0119 naszego hospicyjnego zespo\u0142u\u00a0na \u0142onie natury &#8211; w dniach 8-9 sierpnia wybrali\u015bmy si\u0119 na Ma\u0142y Sto\u017cek do Bac\u00f3wki, gdzie cieszyli\u015bmy si\u0119 swoim towarzystwem w\u015br\u00f3d nieko\u0144cz\u0105cych si\u0119 rozm\u00f3w, wsp\u00f3lnego \u015bpiewu &#8230; <a title=\"Wakacyjne wspomnienia&#8230;\" class=\"read-more\" href=\"https:\/\/www.hospicjumcieszyn.pl\/de\/wakacyjne-wspomnienia\/\" aria-label=\"Mehr dazu unter Wakacyjne wspomnienia&#8230;\">Weiterlesen<\/a><\/p>\n","protected":false},"author":4,"featured_media":0,"comment_status":"closed","ping_status":"closed","sticky":false,"template":"","format":"standard","meta":{"footnotes":""},"categories":[6],"tags":[],"acf":[],"_links":{"self":[{"href":"https:\/\/www.hospicjumcieszyn.pl\/de\/wp-json\/wp\/v2\/posts\/2050"}],"collection":[{"href":"https:\/\/www.hospicjumcieszyn.pl\/de\/wp-json\/wp\/v2\/posts"}],"about":[{"href":"https:\/\/www.hospicjumcieszyn.pl\/de\/wp-json\/wp\/v2\/types\/post"}],"author":[{"embeddable":true,"href":"https:\/\/www.hospicjumcieszyn.pl\/de\/wp-json\/wp\/v2\/users\/4"}],"replies":[{"embeddable":true,"href":"https:\/\/www.hospicjumcieszyn.pl\/de\/wp-json\/wp\/v2\/comments?post=2050"}],"version-history":[{"count":1,"href":"https:\/\/www.hospicjumcieszyn.pl\/de\/wp-json\/wp\/v2\/posts\/2050\/revisions"}],"predecessor-version":[{"id":2051,"href":"https:\/\/www.hospicjumcieszyn.pl\/de\/wp-json\/wp\/v2\/posts\/2050\/revisions\/2051"}],"wp:attachment":[{"href":"https:\/\/www.hospicjumcieszyn.pl\/de\/wp-json\/wp\/v2\/media?parent=2050"}],"wp:term":[{"taxonomy":"category","embeddable":true,"href":"https:\/\/www.hospicjumcieszyn.pl\/de\/wp-json\/wp\/v2\/categories?post=2050"},{"taxonomy":"post_tag","embeddable":true,"href":"https:\/\/www.hospicjumcieszyn.pl\/de\/wp-json\/wp\/v2\/tags?post=2050"}],"curies":[{"name":"wp","href":"https:\/\/api.w.org\/{rel}","templated":true}]}}