{"id":2052,"date":"2015-09-04T22:07:21","date_gmt":"2015-09-04T20:07:21","guid":{"rendered":"https:\/\/www.hospicjumcieszyn.pl\/?p=2052"},"modified":"2015-09-04T22:07:21","modified_gmt":"2015-09-04T20:07:21","slug":"pielgrzymka-na-jasna-gore","status":"publish","type":"post","link":"https:\/\/www.hospicjumcieszyn.pl\/de\/pielgrzymka-na-jasna-gore\/","title":{"rendered":"Pielgrzymka na Jasn\u0105 G\u00f3r\u0119"},"content":{"rendered":"<p style=\"text-align: justify;\"><a href=\"https:\/\/www.hospicjumcieszyn.pl\/wp-content\/uploads\/2015\/09\/100_1362.jpg\"><img loading=\"lazy\" decoding=\"async\" class=\"alignright size-medium wp-image-2053\" src=\"https:\/\/www.hospicjumcieszyn.pl\/wp-content\/uploads\/2015\/09\/100_1362-363x272.jpg\" alt=\"100_1362\" width=\"363\" height=\"272\" srcset=\"https:\/\/www.hospicjumcieszyn.pl\/wp-content\/uploads\/2015\/09\/100_1362-363x272.jpg 363w, https:\/\/www.hospicjumcieszyn.pl\/wp-content\/uploads\/2015\/09\/100_1362-180x135.jpg 180w, https:\/\/www.hospicjumcieszyn.pl\/wp-content\/uploads\/2015\/09\/100_1362-726x545.jpg 726w, https:\/\/www.hospicjumcieszyn.pl\/wp-content\/uploads\/2015\/09\/100_1362.jpg 2048w\" sizes=\"(max-width: 363px) 100vw, 363px\" \/><\/a>W wakacje w naszym Hospicjum by\u0142o ju\u017c co\u015b dla cia\u0142a (basen i wyprawa na Ma\u0142y Sto\u017cek), ale by\u0142o te\u017c co\u015b dla ducha (bo bez tego ani rusz w naszej pracy!).<\/p>\n<p style=\"text-align: justify;\">Nasi wolontariusze, na czele z pani\u0105 prezes &#8211; Dorot\u0105 Kani\u0105, wybrali si\u0119 na pielgrzymk\u0119 na Jasn\u0105 G\u00f3r\u0119. Cz\u0119\u015b\u0107 z nas dotar\u0142a tam pieszo, cz\u0119\u015b\u0107 autokarem, a wszyscy spotkali\u015bmy si\u0119 11 sierpnia na wsp\u00f3lnej modlitwie.<\/p>\n","protected":false},"excerpt":{"rendered":"<p>W wakacje w naszym Hospicjum by\u0142o ju\u017c co\u015b dla cia\u0142a (basen i wyprawa na Ma\u0142y Sto\u017cek), ale by\u0142o te\u017c co\u015b dla ducha (bo bez tego ani rusz w naszej pracy!). Nasi wolontariusze, na czele z pani\u0105 prezes &#8211; Dorot\u0105 Kani\u0105, wybrali si\u0119 na pielgrzymk\u0119 na Jasn\u0105 G\u00f3r\u0119. Cz\u0119\u015b\u0107 z nas dotar\u0142a tam pieszo, cz\u0119\u015b\u0107 autokarem, &#8230; <a title=\"Pielgrzymka na Jasn\u0105 G\u00f3r\u0119\" class=\"read-more\" href=\"https:\/\/www.hospicjumcieszyn.pl\/de\/pielgrzymka-na-jasna-gore\/\" aria-label=\"Mehr dazu unter Pielgrzymka na Jasn\u0105 G\u00f3r\u0119\">Weiterlesen<\/a><\/p>\n","protected":false},"author":4,"featured_media":2053,"comment_status":"closed","ping_status":"closed","sticky":false,"template":"","format":"standard","meta":{"footnotes":""},"categories":[6],"tags":[],"acf":[],"_links":{"self":[{"href":"https:\/\/www.hospicjumcieszyn.pl\/de\/wp-json\/wp\/v2\/posts\/2052"}],"collection":[{"href":"https:\/\/www.hospicjumcieszyn.pl\/de\/wp-json\/wp\/v2\/posts"}],"about":[{"href":"https:\/\/www.hospicjumcieszyn.pl\/de\/wp-json\/wp\/v2\/types\/post"}],"author":[{"embeddable":true,"href":"https:\/\/www.hospicjumcieszyn.pl\/de\/wp-json\/wp\/v2\/users\/4"}],"replies":[{"embeddable":true,"href":"https:\/\/www.hospicjumcieszyn.pl\/de\/wp-json\/wp\/v2\/comments?post=2052"}],"version-history":[{"count":1,"href":"https:\/\/www.hospicjumcieszyn.pl\/de\/wp-json\/wp\/v2\/posts\/2052\/revisions"}],"predecessor-version":[{"id":2054,"href":"https:\/\/www.hospicjumcieszyn.pl\/de\/wp-json\/wp\/v2\/posts\/2052\/revisions\/2054"}],"wp:featuredmedia":[{"embeddable":true,"href":"https:\/\/www.hospicjumcieszyn.pl\/de\/wp-json\/wp\/v2\/media\/2053"}],"wp:attachment":[{"href":"https:\/\/www.hospicjumcieszyn.pl\/de\/wp-json\/wp\/v2\/media?parent=2052"}],"wp:term":[{"taxonomy":"category","embeddable":true,"href":"https:\/\/www.hospicjumcieszyn.pl\/de\/wp-json\/wp\/v2\/categories?post=2052"},{"taxonomy":"post_tag","embeddable":true,"href":"https:\/\/www.hospicjumcieszyn.pl\/de\/wp-json\/wp\/v2\/tags?post=2052"}],"curies":[{"name":"wp","href":"https:\/\/api.w.org\/{rel}","templated":true}]}}