{"id":209,"date":"2012-10-25T19:27:59","date_gmt":"2012-10-25T17:27:59","guid":{"rendered":"http:\/\/hospicjumcieszyn.pl\/?p=209"},"modified":"2013-02-24T19:30:31","modified_gmt":"2013-02-24T18:30:31","slug":"byc-blizej-ciebie-chce","status":"publish","type":"post","link":"https:\/\/www.hospicjumcieszyn.pl\/de\/byc-blizej-ciebie-chce\/","title":{"rendered":"By\u0107 bli\u017cej ciebie chc\u0119"},"content":{"rendered":"<p>Tymi s\u0142owami niezmordowany Wujo Rycho rozpocz\u0105\u0142 KONCERT JESIENNY w sobot\u0119 20 pa\u017adziernika. Dla widz\u00f3w i sympatyk\u00f3w hospicjum wyst\u0105pi\u0142 ANDRZEJ ROSIEWICZ,kt\u00f3ry rozbawi\u0142 wszystkich starymi szlagierami oraz zesp\u00f3\u0142 FOLKGENERACJA z Tr\u00f3jwsi,kt\u00f3ry zaprezentowa\u0142 regionalne utwory w nowych aran\u017cacjach.<br \/>\nW refleksyjnych klimatach natomiast mo\u017cna by\u0142o podziwia\u0107 taniec \u017cydowski oraz izraelski w wykonaniu zespo\u0142u KLEZMER.<br \/>\nGo\u015bcie mogli skorzystac z bufetu ,a tak\u017ce naby\u0107 nowy kalendarz na 2013 rok wydany jako pok\u0142osie Konkursu Plastycznego POLA NADZIEI.<\/p>\n<p>Fotografie: Marcin Wieczorek<\/p>\n<div id='gallery-1' class='gallery galleryid-209 gallery-columns-3 gallery-size-thumbnail'><figure class='gallery-item'>\n\t\t\t<div class='gallery-icon landscape'>\n\t\t\t\t<a href='https:\/\/www.hospicjumcieszyn.pl\/de\/2-8\/'><img loading=\"lazy\" decoding=\"async\" width=\"180\" height=\"119\" src=\"https:\/\/www.hospicjumcieszyn.pl\/wp-content\/uploads\/2013\/02\/26-180x119.jpg\" class=\"attachment-thumbnail size-thumbnail\" alt=\"\" srcset=\"https:\/\/www.hospicjumcieszyn.pl\/wp-content\/uploads\/2013\/02\/26-180x119.jpg 180w, https:\/\/www.hospicjumcieszyn.pl\/wp-content\/uploads\/2013\/02\/26-363x241.jpg 363w, https:\/\/www.hospicjumcieszyn.pl\/wp-content\/uploads\/2013\/02\/26.jpg 620w\" sizes=\"(max-width: 180px) 100vw, 180px\" \/><\/a>\n\t\t\t<\/div><\/figure><figure class='gallery-item'>\n\t\t\t<div class='gallery-icon landscape'>\n\t\t\t\t<a href='https:\/\/www.hospicjumcieszyn.pl\/de\/1-8\/'><img loading=\"lazy\" decoding=\"async\" width=\"180\" height=\"119\" src=\"https:\/\/www.hospicjumcieszyn.pl\/wp-content\/uploads\/2013\/02\/114-180x119.jpg\" class=\"attachment-thumbnail size-thumbnail\" alt=\"\" srcset=\"https:\/\/www.hospicjumcieszyn.pl\/wp-content\/uploads\/2013\/02\/114-180x119.jpg 180w, https:\/\/www.hospicjumcieszyn.pl\/wp-content\/uploads\/2013\/02\/114-363x241.jpg 363w, https:\/\/www.hospicjumcieszyn.pl\/wp-content\/uploads\/2013\/02\/114.jpg 620w\" sizes=\"(max-width: 180px) 100vw, 180px\" \/><\/a>\n\t\t\t<\/div><\/figure><figure class='gallery-item'>\n\t\t\t<div class='gallery-icon landscape'>\n\t\t\t\t<a href='https:\/\/www.hospicjumcieszyn.pl\/de\/4-5\/'><img loading=\"lazy\" decoding=\"async\" width=\"180\" height=\"119\" src=\"https:\/\/www.hospicjumcieszyn.pl\/wp-content\/uploads\/2013\/02\/44-180x119.jpg\" class=\"attachment-thumbnail size-thumbnail\" alt=\"\" srcset=\"https:\/\/www.hospicjumcieszyn.pl\/wp-content\/uploads\/2013\/02\/44-180x119.jpg 180w, https:\/\/www.hospicjumcieszyn.pl\/wp-content\/uploads\/2013\/02\/44-363x241.jpg 363w, https:\/\/www.hospicjumcieszyn.pl\/wp-content\/uploads\/2013\/02\/44.jpg 620w\" sizes=\"(max-width: 180px) 100vw, 180px\" \/><\/a>\n\t\t\t<\/div><\/figure><figure class='gallery-item'>\n\t\t\t<div class='gallery-icon landscape'>\n\t\t\t\t<a href='https:\/\/www.hospicjumcieszyn.pl\/de\/3-6\/'><img loading=\"lazy\" decoding=\"async\" width=\"180\" height=\"119\" src=\"https:\/\/www.hospicjumcieszyn.pl\/wp-content\/uploads\/2013\/02\/35-180x119.jpg\" class=\"attachment-thumbnail size-thumbnail\" alt=\"\" srcset=\"https:\/\/www.hospicjumcieszyn.pl\/wp-content\/uploads\/2013\/02\/35-180x119.jpg 180w, https:\/\/www.hospicjumcieszyn.pl\/wp-content\/uploads\/2013\/02\/35-363x241.jpg 363w, https:\/\/www.hospicjumcieszyn.pl\/wp-content\/uploads\/2013\/02\/35.jpg 620w\" sizes=\"(max-width: 180px) 100vw, 180px\" \/><\/a>\n\t\t\t<\/div><\/figure>\n\t\t<\/div>\n\n","protected":false},"excerpt":{"rendered":"<p>Tymi s\u0142owami niezmordowany Wujo Rycho rozpocz\u0105\u0142 KONCERT JESIENNY w sobot\u0119 20 pa\u017adziernika. Dla widz\u00f3w i sympatyk\u00f3w hospicjum wyst\u0105pi\u0142 ANDRZEJ ROSIEWICZ,kt\u00f3ry rozbawi\u0142 wszystkich starymi szlagierami oraz zesp\u00f3\u0142 FOLKGENERACJA z Tr\u00f3jwsi,kt\u00f3ry zaprezentowa\u0142 regionalne utwory w nowych aran\u017cacjach. W refleksyjnych klimatach natomiast mo\u017cna by\u0142o podziwia\u0107 taniec \u017cydowski oraz izraelski w wykonaniu zespo\u0142u KLEZMER. Go\u015bcie mogli skorzystac z bufetu &#8230; <a title=\"By\u0107 bli\u017cej ciebie chc\u0119\" class=\"read-more\" href=\"https:\/\/www.hospicjumcieszyn.pl\/de\/byc-blizej-ciebie-chce\/\" aria-label=\"Mehr dazu unter By\u0107 bli\u017cej ciebie chc\u0119\">Weiterlesen<\/a><\/p>\n","protected":false},"author":1,"featured_media":0,"comment_status":"closed","ping_status":"closed","sticky":false,"template":"","format":"standard","meta":{"footnotes":""},"categories":[1],"tags":[],"acf":[],"_links":{"self":[{"href":"https:\/\/www.hospicjumcieszyn.pl\/de\/wp-json\/wp\/v2\/posts\/209"}],"collection":[{"href":"https:\/\/www.hospicjumcieszyn.pl\/de\/wp-json\/wp\/v2\/posts"}],"about":[{"href":"https:\/\/www.hospicjumcieszyn.pl\/de\/wp-json\/wp\/v2\/types\/post"}],"author":[{"embeddable":true,"href":"https:\/\/www.hospicjumcieszyn.pl\/de\/wp-json\/wp\/v2\/users\/1"}],"replies":[{"embeddable":true,"href":"https:\/\/www.hospicjumcieszyn.pl\/de\/wp-json\/wp\/v2\/comments?post=209"}],"version-history":[{"count":3,"href":"https:\/\/www.hospicjumcieszyn.pl\/de\/wp-json\/wp\/v2\/posts\/209\/revisions"}],"predecessor-version":[{"id":215,"href":"https:\/\/www.hospicjumcieszyn.pl\/de\/wp-json\/wp\/v2\/posts\/209\/revisions\/215"}],"wp:attachment":[{"href":"https:\/\/www.hospicjumcieszyn.pl\/de\/wp-json\/wp\/v2\/media?parent=209"}],"wp:term":[{"taxonomy":"category","embeddable":true,"href":"https:\/\/www.hospicjumcieszyn.pl\/de\/wp-json\/wp\/v2\/categories?post=209"},{"taxonomy":"post_tag","embeddable":true,"href":"https:\/\/www.hospicjumcieszyn.pl\/de\/wp-json\/wp\/v2\/tags?post=209"}],"curies":[{"name":"wp","href":"https:\/\/api.w.org\/{rel}","templated":true}]}}