{"id":217,"date":"2012-11-17T19:30:38","date_gmt":"2012-11-17T18:30:38","guid":{"rendered":"http:\/\/hospicjumcieszyn.pl\/?p=217"},"modified":"2013-02-24T19:37:32","modified_gmt":"2013-02-24T18:37:32","slug":"zory-konferencja","status":"publish","type":"post","link":"https:\/\/www.hospicjumcieszyn.pl\/de\/zory-konferencja\/","title":{"rendered":"\u017bory &#8211; konferencja"},"content":{"rendered":"<p><a href=\"http:\/\/hospicjumcieszyn.pl\/wp-content\/uploads\/2013\/02\/glow-5.png\"><img loading=\"lazy\" decoding=\"async\" class=\"alignleft size-thumbnail wp-image-218\" alt=\"glow (5)\" src=\"http:\/\/hospicjumcieszyn.pl\/wp-content\/uploads\/2013\/02\/glow-5-180x135.png\" width=\"180\" height=\"135\" srcset=\"https:\/\/www.hospicjumcieszyn.pl\/wp-content\/uploads\/2013\/02\/glow-5-180x135.png 180w, https:\/\/www.hospicjumcieszyn.pl\/wp-content\/uploads\/2013\/02\/glow-5-363x272.png 363w, https:\/\/www.hospicjumcieszyn.pl\/wp-content\/uploads\/2013\/02\/glow-5-726x544.png 726w, https:\/\/www.hospicjumcieszyn.pl\/wp-content\/uploads\/2013\/02\/glow-5.png 800w\" sizes=\"(max-width: 180px) 100vw, 180px\" \/><\/a>Pi\u0119cioro naszych wolontariuszy uczestniczy\u0142o w ciekawej konferencji, kt\u00f3ra mia\u0142a miejsce w Hospicjum im.Jana Paw\u0142a II w pi\u0105tek, 16.11 w \u017borach.<br \/>\nJej tematyka dotyczy\u0142a komunikacji z pacjentem \u015bmiertelnie chorym, sposob\u00f3w przekazywania trudnych informacji oraz nawi\u0105zywania relacji z rodzin\u0105 chorego.<br \/>\nPrelegentami byli: Grzegorz S\u0142omian-lekarz onkolog, Ma\u0142gorzata Korn-psycholog oraz ks.Zdzis\u0142aw Tomzinski z katowickiego hospicjum.<br \/>\nUczestniczyli z Cieszyna: Jacek Kuna, Ula Skupie\u0144, Ma\u0142gosia Lackstein, Asia Cie\u015blar i Dorota Kania.<\/p>\n","protected":false},"excerpt":{"rendered":"<p>Pi\u0119cioro naszych wolontariuszy uczestniczy\u0142o w ciekawej konferencji, kt\u00f3ra mia\u0142a miejsce w Hospicjum im.Jana Paw\u0142a II w pi\u0105tek, 16.11 w \u017borach. Jej tematyka dotyczy\u0142a komunikacji z pacjentem \u015bmiertelnie chorym, sposob\u00f3w przekazywania trudnych informacji oraz nawi\u0105zywania relacji z rodzin\u0105 chorego. Prelegentami byli: Grzegorz S\u0142omian-lekarz onkolog, Ma\u0142gorzata Korn-psycholog oraz ks.Zdzis\u0142aw Tomzinski z katowickiego hospicjum. Uczestniczyli z Cieszyna: Jacek &#8230; <a title=\"\u017bory &#8211; konferencja\" class=\"read-more\" href=\"https:\/\/www.hospicjumcieszyn.pl\/de\/zory-konferencja\/\" aria-label=\"Mehr dazu unter \u017bory &#8211; konferencja\">Weiterlesen<\/a><\/p>\n","protected":false},"author":1,"featured_media":0,"comment_status":"closed","ping_status":"closed","sticky":false,"template":"","format":"standard","meta":{"footnotes":""},"categories":[1],"tags":[],"acf":[],"_links":{"self":[{"href":"https:\/\/www.hospicjumcieszyn.pl\/de\/wp-json\/wp\/v2\/posts\/217"}],"collection":[{"href":"https:\/\/www.hospicjumcieszyn.pl\/de\/wp-json\/wp\/v2\/posts"}],"about":[{"href":"https:\/\/www.hospicjumcieszyn.pl\/de\/wp-json\/wp\/v2\/types\/post"}],"author":[{"embeddable":true,"href":"https:\/\/www.hospicjumcieszyn.pl\/de\/wp-json\/wp\/v2\/users\/1"}],"replies":[{"embeddable":true,"href":"https:\/\/www.hospicjumcieszyn.pl\/de\/wp-json\/wp\/v2\/comments?post=217"}],"version-history":[{"count":2,"href":"https:\/\/www.hospicjumcieszyn.pl\/de\/wp-json\/wp\/v2\/posts\/217\/revisions"}],"predecessor-version":[{"id":225,"href":"https:\/\/www.hospicjumcieszyn.pl\/de\/wp-json\/wp\/v2\/posts\/217\/revisions\/225"}],"wp:attachment":[{"href":"https:\/\/www.hospicjumcieszyn.pl\/de\/wp-json\/wp\/v2\/media?parent=217"}],"wp:term":[{"taxonomy":"category","embeddable":true,"href":"https:\/\/www.hospicjumcieszyn.pl\/de\/wp-json\/wp\/v2\/categories?post=217"},{"taxonomy":"post_tag","embeddable":true,"href":"https:\/\/www.hospicjumcieszyn.pl\/de\/wp-json\/wp\/v2\/tags?post=217"}],"curies":[{"name":"wp","href":"https:\/\/api.w.org\/{rel}","templated":true}]}}