{"id":220,"date":"2012-11-28T19:32:06","date_gmt":"2012-11-28T18:32:06","guid":{"rendered":"http:\/\/hospicjumcieszyn.pl\/?p=220"},"modified":"2013-02-24T19:33:31","modified_gmt":"2013-02-24T18:33:31","slug":"jak-rozmawiac-w-hospicjum","status":"publish","type":"post","link":"https:\/\/www.hospicjumcieszyn.pl\/de\/jak-rozmawiac-w-hospicjum\/","title":{"rendered":"Jak rozmawia\u0107 w Hospicjum?"},"content":{"rendered":"<p><a href=\"http:\/\/hospicjumcieszyn.pl\/wp-content\/uploads\/2013\/02\/glow-6.jpg\"><img loading=\"lazy\" decoding=\"async\" class=\"alignleft size-thumbnail wp-image-221\" alt=\"glow (6)\" src=\"http:\/\/hospicjumcieszyn.pl\/wp-content\/uploads\/2013\/02\/glow-6-169x240.jpg\" width=\"169\" height=\"240\" srcset=\"https:\/\/www.hospicjumcieszyn.pl\/wp-content\/uploads\/2013\/02\/glow-6-169x240.jpg 169w, https:\/\/www.hospicjumcieszyn.pl\/wp-content\/uploads\/2013\/02\/glow-6-256x363.jpg 256w, https:\/\/www.hospicjumcieszyn.pl\/wp-content\/uploads\/2013\/02\/glow-6.jpg 300w\" sizes=\"(max-width: 169px) 100vw, 169px\" \/><\/a>Hospicjum im. \u0141ukasza Ewangelisty organizuje wyk\u0142ad: JAK ROZMAWIA\u0106 Z PACJENTEM \u015aMIERTELNIE CHORYM I JEGO RODZIN\u0104. Wyk\u0142ad odb\u0119dzie si\u0119 w \u015brod\u0119 5 grudnia o godz. 16.oo w klasztorze oo. Franciszkan\u00f3w w Cieszynie przy ul. Szersznika w ramach Og\u00f3lnopolskiej Kampanii &#8220;Hospicjum to te\u017c \u017cycie&#8221;. Zapraszamy!<\/p>\n","protected":false},"excerpt":{"rendered":"<p>Hospicjum im. \u0141ukasza Ewangelisty organizuje wyk\u0142ad: JAK ROZMAWIA\u0106 Z PACJENTEM \u015aMIERTELNIE CHORYM I JEGO RODZIN\u0104. Wyk\u0142ad odb\u0119dzie si\u0119 w \u015brod\u0119 5 grudnia o godz. 16.oo w klasztorze oo. Franciszkan\u00f3w w Cieszynie przy ul. Szersznika w ramach Og\u00f3lnopolskiej Kampanii &#8220;Hospicjum to te\u017c \u017cycie&#8221;. Zapraszamy!<\/p>\n","protected":false},"author":1,"featured_media":0,"comment_status":"closed","ping_status":"closed","sticky":false,"template":"","format":"standard","meta":{"footnotes":""},"categories":[1],"tags":[],"acf":[],"_links":{"self":[{"href":"https:\/\/www.hospicjumcieszyn.pl\/de\/wp-json\/wp\/v2\/posts\/220"}],"collection":[{"href":"https:\/\/www.hospicjumcieszyn.pl\/de\/wp-json\/wp\/v2\/posts"}],"about":[{"href":"https:\/\/www.hospicjumcieszyn.pl\/de\/wp-json\/wp\/v2\/types\/post"}],"author":[{"embeddable":true,"href":"https:\/\/www.hospicjumcieszyn.pl\/de\/wp-json\/wp\/v2\/users\/1"}],"replies":[{"embeddable":true,"href":"https:\/\/www.hospicjumcieszyn.pl\/de\/wp-json\/wp\/v2\/comments?post=220"}],"version-history":[{"count":2,"href":"https:\/\/www.hospicjumcieszyn.pl\/de\/wp-json\/wp\/v2\/posts\/220\/revisions"}],"predecessor-version":[{"id":223,"href":"https:\/\/www.hospicjumcieszyn.pl\/de\/wp-json\/wp\/v2\/posts\/220\/revisions\/223"}],"wp:attachment":[{"href":"https:\/\/www.hospicjumcieszyn.pl\/de\/wp-json\/wp\/v2\/media?parent=220"}],"wp:term":[{"taxonomy":"category","embeddable":true,"href":"https:\/\/www.hospicjumcieszyn.pl\/de\/wp-json\/wp\/v2\/categories?post=220"},{"taxonomy":"post_tag","embeddable":true,"href":"https:\/\/www.hospicjumcieszyn.pl\/de\/wp-json\/wp\/v2\/tags?post=220"}],"curies":[{"name":"wp","href":"https:\/\/api.w.org\/{rel}","templated":true}]}}