{"id":2235,"date":"2016-02-01T20:39:15","date_gmt":"2016-02-01T19:39:15","guid":{"rendered":"https:\/\/www.hospicjumcieszyn.pl\/?p=2235"},"modified":"2016-02-01T20:39:15","modified_gmt":"2016-02-01T19:39:15","slug":"walentynki-tuz-tuz","status":"publish","type":"post","link":"https:\/\/www.hospicjumcieszyn.pl\/de\/walentynki-tuz-tuz\/","title":{"rendered":"Walentynki tu\u017c tu\u017c&#8230;"},"content":{"rendered":"<p style=\"text-align: justify;\"><img loading=\"lazy\" decoding=\"async\" class=\"alignright size-medium wp-image-2236\" src=\"https:\/\/www.hospicjumcieszyn.pl\/wp-content\/uploads\/2016\/02\/plakat_kopernik_walentynki22-249x363.jpg\" alt=\"plakat_kopernik_walentynki22\" width=\"249\" height=\"363\" srcset=\"https:\/\/www.hospicjumcieszyn.pl\/wp-content\/uploads\/2016\/02\/plakat_kopernik_walentynki22-249x363.jpg 249w, https:\/\/www.hospicjumcieszyn.pl\/wp-content\/uploads\/2016\/02\/plakat_kopernik_walentynki22-165x240.jpg 165w, https:\/\/www.hospicjumcieszyn.pl\/wp-content\/uploads\/2016\/02\/plakat_kopernik_walentynki22.jpg 481w\" sizes=\"(max-width: 249px) 100vw, 249px\" \/>Hospicjum i\u00a0Samorz\u0105d II LO im. Miko\u0142aja Kopernika w Cieszynie<em>\u00a0<\/em>serdecznie<em> z<\/em>aprasza na zbli\u017caj\u0105cy si\u0119 wielkimi krokami <strong>Koncert Walentynkowy<\/strong>, kt\u00f3ry w tym roku odb\u0119dzie si\u0119<strong> 12 lutego o godzinie 17.00<\/strong> w Teatrze im. Adama Mickiewicza w Cieszynie.<\/p>\n<p style=\"text-align: justify;\">Bilety do nabycia w kasie teatru w spos\u00f3b tradycyjny lub on-line.<\/p>\n<p style=\"text-align: justify;\">Tym razem zapraszamy Pa\u0144stwa na wyst\u0119py w klimacie PRL-u \ud83d\ude00<\/p>\n<p style=\"text-align: justify;\">\n","protected":false},"excerpt":{"rendered":"<p>Hospicjum i\u00a0Samorz\u0105d II LO im. Miko\u0142aja Kopernika w Cieszynie\u00a0serdecznie zaprasza na zbli\u017caj\u0105cy si\u0119 wielkimi krokami Koncert Walentynkowy, kt\u00f3ry w tym roku odb\u0119dzie si\u0119 12 lutego o godzinie 17.00 w Teatrze im. Adama Mickiewicza w Cieszynie. Bilety do nabycia w kasie teatru w spos\u00f3b tradycyjny lub on-line. Tym razem zapraszamy Pa\u0144stwa na wyst\u0119py w klimacie PRL-u &#8230; <a title=\"Walentynki tu\u017c tu\u017c&#8230;\" class=\"read-more\" href=\"https:\/\/www.hospicjumcieszyn.pl\/de\/walentynki-tuz-tuz\/\" aria-label=\"Mehr dazu unter Walentynki tu\u017c tu\u017c&#8230;\">Weiterlesen<\/a><\/p>\n","protected":false},"author":4,"featured_media":2236,"comment_status":"closed","ping_status":"closed","sticky":false,"template":"","format":"standard","meta":{"footnotes":""},"categories":[5],"tags":[],"acf":[],"_links":{"self":[{"href":"https:\/\/www.hospicjumcieszyn.pl\/de\/wp-json\/wp\/v2\/posts\/2235"}],"collection":[{"href":"https:\/\/www.hospicjumcieszyn.pl\/de\/wp-json\/wp\/v2\/posts"}],"about":[{"href":"https:\/\/www.hospicjumcieszyn.pl\/de\/wp-json\/wp\/v2\/types\/post"}],"author":[{"embeddable":true,"href":"https:\/\/www.hospicjumcieszyn.pl\/de\/wp-json\/wp\/v2\/users\/4"}],"replies":[{"embeddable":true,"href":"https:\/\/www.hospicjumcieszyn.pl\/de\/wp-json\/wp\/v2\/comments?post=2235"}],"version-history":[{"count":1,"href":"https:\/\/www.hospicjumcieszyn.pl\/de\/wp-json\/wp\/v2\/posts\/2235\/revisions"}],"predecessor-version":[{"id":2237,"href":"https:\/\/www.hospicjumcieszyn.pl\/de\/wp-json\/wp\/v2\/posts\/2235\/revisions\/2237"}],"wp:featuredmedia":[{"embeddable":true,"href":"https:\/\/www.hospicjumcieszyn.pl\/de\/wp-json\/wp\/v2\/media\/2236"}],"wp:attachment":[{"href":"https:\/\/www.hospicjumcieszyn.pl\/de\/wp-json\/wp\/v2\/media?parent=2235"}],"wp:term":[{"taxonomy":"category","embeddable":true,"href":"https:\/\/www.hospicjumcieszyn.pl\/de\/wp-json\/wp\/v2\/categories?post=2235"},{"taxonomy":"post_tag","embeddable":true,"href":"https:\/\/www.hospicjumcieszyn.pl\/de\/wp-json\/wp\/v2\/tags?post=2235"}],"curies":[{"name":"wp","href":"https:\/\/api.w.org\/{rel}","templated":true}]}}