{"id":2241,"date":"2016-02-17T22:13:50","date_gmt":"2016-02-17T21:13:50","guid":{"rendered":"https:\/\/www.hospicjumcieszyn.pl\/?p=2241"},"modified":"2016-02-17T22:13:50","modified_gmt":"2016-02-17T21:13:50","slug":"xxiv-dzien-chorego","status":"publish","type":"post","link":"https:\/\/www.hospicjumcieszyn.pl\/de\/xxiv-dzien-chorego\/","title":{"rendered":"XXIV Dzie\u0144 Chorego"},"content":{"rendered":"<p style=\"text-align: justify;\">W czwartek 11 lutego, we wspomnienie Matki Boskiej z Lourdes, \u00a0przypada\u0142 XXIV Dzie\u0144 Chorego.<\/p>\n<p style=\"text-align: justify;\">W or\u0119dziu papie\u017ca Franciszka na ten dzie\u0144 czytamy:<\/p>\n<p style=\"text-align: justify;\"><em>&#8220;Choroba, zw\u0142aszcza ci\u0119\u017cka, zawsze wywo\u0142uje kryzys w ludzkiej egzystencji i niesie ze sob\u0105 g\u0142\u0119bokie pytania. W pierwszej chwili mo\u017ce niekiedy wywo\u0142a\u0107 bunt: dlaczego mnie to spotka\u0142o? Mo\u017ce prowadzi\u0107 do rozpaczy, do przekonania, \u017ce wszystko stracone, \u017ce nic ju\u017c nie ma sensu&#8230;&#8221;<\/em><\/p>\n<p style=\"text-align: justify;\">Rzeczywi\u015bcie, nieraz nasi wolontariusze spotkali si\u0119 z tak\u0105 postaw\u0105. Ich zaanga\u017cowanie i dobro\u0107, ich wielkie po\u015bwi\u0119cenie\u00a0 pozwoli\u0142y niejednokrotnie odnale\u017a\u0107 sens choroby nie tylko pacjentom, ale r\u00f3wnie\u017c ich rodzinom.<\/p>\n<p style=\"text-align: justify;\">Dla wszystkich &#8211; podopiecznych i wolontariuszy Hospicjum &#8211; zosta\u0142a\u00a0odprawiona z tej okazji uroczysta Msza \u015awi\u0119ta w ko\u015bciele Podwy\u017cszenia Krzy\u017ca \u015awi\u0119tego.<\/p>\n<p>&nbsp;<\/p>\n","protected":false},"excerpt":{"rendered":"<p>W czwartek 11 lutego, we wspomnienie Matki Boskiej z Lourdes, \u00a0przypada\u0142 XXIV Dzie\u0144 Chorego. W or\u0119dziu papie\u017ca Franciszka na ten dzie\u0144 czytamy: &#8220;Choroba, zw\u0142aszcza ci\u0119\u017cka, zawsze wywo\u0142uje kryzys w ludzkiej egzystencji i niesie ze sob\u0105 g\u0142\u0119bokie pytania. W pierwszej chwili mo\u017ce niekiedy wywo\u0142a\u0107 bunt: dlaczego mnie to spotka\u0142o? Mo\u017ce prowadzi\u0107 do rozpaczy, do przekonania, \u017ce &#8230; <a title=\"XXIV Dzie\u0144 Chorego\" class=\"read-more\" href=\"https:\/\/www.hospicjumcieszyn.pl\/de\/xxiv-dzien-chorego\/\" aria-label=\"Mehr dazu unter XXIV Dzie\u0144 Chorego\">Weiterlesen<\/a><\/p>\n","protected":false},"author":4,"featured_media":0,"comment_status":"closed","ping_status":"closed","sticky":false,"template":"","format":"standard","meta":{"footnotes":""},"categories":[1],"tags":[],"acf":[],"_links":{"self":[{"href":"https:\/\/www.hospicjumcieszyn.pl\/de\/wp-json\/wp\/v2\/posts\/2241"}],"collection":[{"href":"https:\/\/www.hospicjumcieszyn.pl\/de\/wp-json\/wp\/v2\/posts"}],"about":[{"href":"https:\/\/www.hospicjumcieszyn.pl\/de\/wp-json\/wp\/v2\/types\/post"}],"author":[{"embeddable":true,"href":"https:\/\/www.hospicjumcieszyn.pl\/de\/wp-json\/wp\/v2\/users\/4"}],"replies":[{"embeddable":true,"href":"https:\/\/www.hospicjumcieszyn.pl\/de\/wp-json\/wp\/v2\/comments?post=2241"}],"version-history":[{"count":1,"href":"https:\/\/www.hospicjumcieszyn.pl\/de\/wp-json\/wp\/v2\/posts\/2241\/revisions"}],"predecessor-version":[{"id":2242,"href":"https:\/\/www.hospicjumcieszyn.pl\/de\/wp-json\/wp\/v2\/posts\/2241\/revisions\/2242"}],"wp:attachment":[{"href":"https:\/\/www.hospicjumcieszyn.pl\/de\/wp-json\/wp\/v2\/media?parent=2241"}],"wp:term":[{"taxonomy":"category","embeddable":true,"href":"https:\/\/www.hospicjumcieszyn.pl\/de\/wp-json\/wp\/v2\/categories?post=2241"},{"taxonomy":"post_tag","embeddable":true,"href":"https:\/\/www.hospicjumcieszyn.pl\/de\/wp-json\/wp\/v2\/tags?post=2241"}],"curies":[{"name":"wp","href":"https:\/\/api.w.org\/{rel}","templated":true}]}}