{"id":2489,"date":"2016-10-16T23:05:25","date_gmt":"2016-10-16T21:05:25","guid":{"rendered":"https:\/\/www.hospicjumcieszyn.pl\/?p=2489"},"modified":"2016-10-18T23:05:45","modified_gmt":"2016-10-18T21:05:45","slug":"walne-zebranie-2","status":"publish","type":"post","link":"https:\/\/www.hospicjumcieszyn.pl\/de\/walne-zebranie-2\/","title":{"rendered":"Walne zebranie"},"content":{"rendered":"<p style=\"text-align: justify;\">W czwartek <strong>17 listopada o godzinie 18.00<\/strong> w klasztorze oo. Franciszkan\u00f3w odb\u0119dzie si\u0119 <strong>WALNE ZEBRANIE<\/strong> naszego Stowarzyszenia, na kt\u00f3re zapraszamy wszystkich cz\u0142onk\u00f3w. Zostanie wybrany nowy Zarz\u0105d i Komisja Rewizyjna.<\/p>\n<p style=\"text-align: justify;\">Dorota Kania &#8211; prezes<\/p>\n","protected":false},"excerpt":{"rendered":"<p>W czwartek 17 listopada o godzinie 18.00 w klasztorze oo. Franciszkan\u00f3w odb\u0119dzie si\u0119 WALNE ZEBRANIE naszego Stowarzyszenia, na kt\u00f3re zapraszamy wszystkich cz\u0142onk\u00f3w. Zostanie wybrany nowy Zarz\u0105d i Komisja Rewizyjna. Dorota Kania &#8211; prezes<\/p>\n","protected":false},"author":4,"featured_media":0,"comment_status":"closed","ping_status":"closed","sticky":false,"template":"","format":"standard","meta":{"footnotes":""},"categories":[1],"tags":[],"acf":[],"_links":{"self":[{"href":"https:\/\/www.hospicjumcieszyn.pl\/de\/wp-json\/wp\/v2\/posts\/2489"}],"collection":[{"href":"https:\/\/www.hospicjumcieszyn.pl\/de\/wp-json\/wp\/v2\/posts"}],"about":[{"href":"https:\/\/www.hospicjumcieszyn.pl\/de\/wp-json\/wp\/v2\/types\/post"}],"author":[{"embeddable":true,"href":"https:\/\/www.hospicjumcieszyn.pl\/de\/wp-json\/wp\/v2\/users\/4"}],"replies":[{"embeddable":true,"href":"https:\/\/www.hospicjumcieszyn.pl\/de\/wp-json\/wp\/v2\/comments?post=2489"}],"version-history":[{"count":1,"href":"https:\/\/www.hospicjumcieszyn.pl\/de\/wp-json\/wp\/v2\/posts\/2489\/revisions"}],"predecessor-version":[{"id":2490,"href":"https:\/\/www.hospicjumcieszyn.pl\/de\/wp-json\/wp\/v2\/posts\/2489\/revisions\/2490"}],"wp:attachment":[{"href":"https:\/\/www.hospicjumcieszyn.pl\/de\/wp-json\/wp\/v2\/media?parent=2489"}],"wp:term":[{"taxonomy":"category","embeddable":true,"href":"https:\/\/www.hospicjumcieszyn.pl\/de\/wp-json\/wp\/v2\/categories?post=2489"},{"taxonomy":"post_tag","embeddable":true,"href":"https:\/\/www.hospicjumcieszyn.pl\/de\/wp-json\/wp\/v2\/tags?post=2489"}],"curies":[{"name":"wp","href":"https:\/\/api.w.org\/{rel}","templated":true}]}}