{"id":2560,"date":"2017-01-15T13:44:52","date_gmt":"2017-01-15T12:44:52","guid":{"rendered":"https:\/\/www.hospicjumcieszyn.pl\/?p=2560\/"},"modified":"2017-01-15T13:45:22","modified_gmt":"2017-01-15T12:45:22","slug":"zbiorka-nakretek-trwa","status":"publish","type":"post","link":"https:\/\/www.hospicjumcieszyn.pl\/de\/zbiorka-nakretek-trwa\/","title":{"rendered":"Zbi\u00f3rka nakr\u0119tek trwa"},"content":{"rendered":"<p>Ca\u0142y czas mo\u017cna dostarcza\u0107 nakr\u0119tki albo do biura hospicjum przy ul. W\u0105skiej 2a (we wtorki jest tam dy\u017cur od 15.30 do 16.30) albo w szko\u0142ach czy przedszkolach, kt\u00f3re bior\u0105 udzia\u0142 w akcji.<\/p>\n<p>Szczeg\u00f3lnie ucieszy\u0142a nas wiadomo\u015b\u0107, \u017ce zaanga\u017cowali si\u0119 w zbieranie&#8230; policjanci z Wis\u0142y. Wi\u0119cej: <a href=\"http:\/\/wiadomosci.ox.pl\/wiadomosc,35984,policjanci-zbierali-nakretki.html\">http:\/\/wiadomosci.ox.pl\/wiadomosc,35984,policjanci-zbierali-nakretki.html<\/a><\/p>\n<p>Dzi\u0119kujemy!<\/p>\n","protected":false},"excerpt":{"rendered":"<p>Ca\u0142y czas mo\u017cna dostarcza\u0107 nakr\u0119tki albo do biura hospicjum przy ul. W\u0105skiej 2a (we wtorki jest tam dy\u017cur od 15.30 do 16.30) albo w szko\u0142ach czy przedszkolach, kt\u00f3re bior\u0105 udzia\u0142 w akcji. Szczeg\u00f3lnie ucieszy\u0142a nas wiadomo\u015b\u0107, \u017ce zaanga\u017cowali si\u0119 w zbieranie&#8230; policjanci z Wis\u0142y. Wi\u0119cej: http:\/\/wiadomosci.ox.pl\/wiadomosc,35984,policjanci-zbierali-nakretki.html Dzi\u0119kujemy!<\/p>\n","protected":false},"author":1,"featured_media":0,"comment_status":"closed","ping_status":"closed","sticky":false,"template":"","format":"standard","meta":{"footnotes":""},"categories":[1],"tags":[],"acf":[],"_links":{"self":[{"href":"https:\/\/www.hospicjumcieszyn.pl\/de\/wp-json\/wp\/v2\/posts\/2560"}],"collection":[{"href":"https:\/\/www.hospicjumcieszyn.pl\/de\/wp-json\/wp\/v2\/posts"}],"about":[{"href":"https:\/\/www.hospicjumcieszyn.pl\/de\/wp-json\/wp\/v2\/types\/post"}],"author":[{"embeddable":true,"href":"https:\/\/www.hospicjumcieszyn.pl\/de\/wp-json\/wp\/v2\/users\/1"}],"replies":[{"embeddable":true,"href":"https:\/\/www.hospicjumcieszyn.pl\/de\/wp-json\/wp\/v2\/comments?post=2560"}],"version-history":[{"count":2,"href":"https:\/\/www.hospicjumcieszyn.pl\/de\/wp-json\/wp\/v2\/posts\/2560\/revisions"}],"predecessor-version":[{"id":2562,"href":"https:\/\/www.hospicjumcieszyn.pl\/de\/wp-json\/wp\/v2\/posts\/2560\/revisions\/2562"}],"wp:attachment":[{"href":"https:\/\/www.hospicjumcieszyn.pl\/de\/wp-json\/wp\/v2\/media?parent=2560"}],"wp:term":[{"taxonomy":"category","embeddable":true,"href":"https:\/\/www.hospicjumcieszyn.pl\/de\/wp-json\/wp\/v2\/categories?post=2560"},{"taxonomy":"post_tag","embeddable":true,"href":"https:\/\/www.hospicjumcieszyn.pl\/de\/wp-json\/wp\/v2\/tags?post=2560"}],"curies":[{"name":"wp","href":"https:\/\/api.w.org\/{rel}","templated":true}]}}