{"id":2566,"date":"2017-01-26T18:02:38","date_gmt":"2017-01-26T17:02:38","guid":{"rendered":"https:\/\/www.hospicjumcieszyn.pl\/?p=2566\/"},"modified":"2017-02-03T17:59:05","modified_gmt":"2017-02-03T16:59:05","slug":"jaselka-w-krasnej","status":"publish","type":"post","link":"https:\/\/www.hospicjumcieszyn.pl\/de\/jaselka-w-krasnej\/","title":{"rendered":"Jase\u0142ka w Krasnej"},"content":{"rendered":"<div>\n<div style=\"text-align: justify;\">\n<div>\n<div>8 stycznia w Parafii Naj\u015bwi\u0119tszego Serca Pana Jezusa w Krasnej odby\u0142y si\u0119 tradycyjne Jase\u0142ka w wykonaniu uczni\u00f3w Szko\u0142y Podstawowej nr 7 w Krasnej, za\u015b po nich odby\u0142a si\u0119 zbi\u00f3rka pieni\u0119\u017cna na rzecz Hospicjum &#8211; uda\u0142o si\u0119 zebra\u0107 546 z\u0142.<\/div>\n<div><\/div>\n<\/div>\n<div>Serdecznie dzi\u0119kujemy!!!<\/div>\n<\/div>\n<div style=\"text-align: justify;\"><img loading=\"lazy\" decoding=\"async\" class=\"wp-image-2588 size-medium aligncenter\" src=\"https:\/\/www.hospicjumcieszyn.pl\/wp-content\/uploads\/2017\/01\/100_2691-363x272.jpg\" width=\"363\" height=\"272\" srcset=\"https:\/\/www.hospicjumcieszyn.pl\/wp-content\/uploads\/2017\/01\/100_2691-363x272.jpg 363w, https:\/\/www.hospicjumcieszyn.pl\/wp-content\/uploads\/2017\/01\/100_2691-180x135.jpg 180w, https:\/\/www.hospicjumcieszyn.pl\/wp-content\/uploads\/2017\/01\/100_2691-768x576.jpg 768w, https:\/\/www.hospicjumcieszyn.pl\/wp-content\/uploads\/2017\/01\/100_2691-726x545.jpg 726w, https:\/\/www.hospicjumcieszyn.pl\/wp-content\/uploads\/2017\/01\/100_2691.jpg 2048w\" sizes=\"(max-width: 363px) 100vw, 363px\" \/><\/div>\n<\/div>\n","protected":false},"excerpt":{"rendered":"<p>8 stycznia w Parafii Naj\u015bwi\u0119tszego Serca Pana Jezusa w Krasnej odby\u0142y si\u0119 tradycyjne Jase\u0142ka w wykonaniu uczni\u00f3w Szko\u0142y Podstawowej nr 7 w Krasnej, za\u015b po nich odby\u0142a si\u0119 zbi\u00f3rka pieni\u0119\u017cna na rzecz Hospicjum &#8211; uda\u0142o si\u0119 zebra\u0107 546 z\u0142. Serdecznie dzi\u0119kujemy!!!<\/p>\n","protected":false},"author":4,"featured_media":0,"comment_status":"closed","ping_status":"closed","sticky":false,"template":"","format":"standard","meta":{"footnotes":""},"categories":[1],"tags":[],"acf":[],"_links":{"self":[{"href":"https:\/\/www.hospicjumcieszyn.pl\/de\/wp-json\/wp\/v2\/posts\/2566"}],"collection":[{"href":"https:\/\/www.hospicjumcieszyn.pl\/de\/wp-json\/wp\/v2\/posts"}],"about":[{"href":"https:\/\/www.hospicjumcieszyn.pl\/de\/wp-json\/wp\/v2\/types\/post"}],"author":[{"embeddable":true,"href":"https:\/\/www.hospicjumcieszyn.pl\/de\/wp-json\/wp\/v2\/users\/4"}],"replies":[{"embeddable":true,"href":"https:\/\/www.hospicjumcieszyn.pl\/de\/wp-json\/wp\/v2\/comments?post=2566"}],"version-history":[{"count":4,"href":"https:\/\/www.hospicjumcieszyn.pl\/de\/wp-json\/wp\/v2\/posts\/2566\/revisions"}],"predecessor-version":[{"id":2597,"href":"https:\/\/www.hospicjumcieszyn.pl\/de\/wp-json\/wp\/v2\/posts\/2566\/revisions\/2597"}],"wp:attachment":[{"href":"https:\/\/www.hospicjumcieszyn.pl\/de\/wp-json\/wp\/v2\/media?parent=2566"}],"wp:term":[{"taxonomy":"category","embeddable":true,"href":"https:\/\/www.hospicjumcieszyn.pl\/de\/wp-json\/wp\/v2\/categories?post=2566"},{"taxonomy":"post_tag","embeddable":true,"href":"https:\/\/www.hospicjumcieszyn.pl\/de\/wp-json\/wp\/v2\/tags?post=2566"}],"curies":[{"name":"wp","href":"https:\/\/api.w.org\/{rel}","templated":true}]}}