{"id":262,"date":"2013-01-23T19:50:18","date_gmt":"2013-01-23T18:50:18","guid":{"rendered":"http:\/\/hospicjumcieszyn.pl\/?p=262"},"modified":"2013-03-11T19:32:13","modified_gmt":"2013-03-11T18:32:13","slug":"hospicja-w-cieszynie","status":"publish","type":"post","link":"https:\/\/www.hospicjumcieszyn.pl\/de\/hospicja-w-cieszynie\/","title":{"rendered":"Hospicja w Cieszynie"},"content":{"rendered":"<p style=\"text-align: justify;\">Dzisiaj mieli\u015bmy okazj\u0119 go\u015bcic u nas hospicja ze \u015al\u0105ska. By\u0142o to tzw.spotkanie &#8220;przy stole&#8221;. Przyjechali wolontariusze z Katowic,Tych\u00f3w i \u017bor. Niestety,pogoda nie sprzyja wyjazdom,wi\u0119c np.pszczy\u0144skie hospicjum nie dotar\u0142o. By\u0142o rado\u015bnie i refleksyjnie,gdy\u017c wspominali\u015bmy nasz\u0105 Marysi\u0119. Oczywi\u015bcie nie zabrak\u0142o naszych tradycyjnych cieszy\u0144skich kanapek ze \u015bledziem \ud83d\ude42<\/p>\n","protected":false},"excerpt":{"rendered":"<p>Dzisiaj mieli\u015bmy okazj\u0119 go\u015bcic u nas hospicja ze \u015al\u0105ska. By\u0142o to tzw.spotkanie &#8220;przy stole&#8221;. Przyjechali wolontariusze z Katowic,Tych\u00f3w i \u017bor. Niestety,pogoda nie sprzyja wyjazdom,wi\u0119c np.pszczy\u0144skie hospicjum nie dotar\u0142o. By\u0142o rado\u015bnie i refleksyjnie,gdy\u017c wspominali\u015bmy nasz\u0105 Marysi\u0119. Oczywi\u015bcie nie zabrak\u0142o naszych tradycyjnych cieszy\u0144skich kanapek ze \u015bledziem \ud83d\ude42<\/p>\n","protected":false},"author":1,"featured_media":0,"comment_status":"closed","ping_status":"closed","sticky":false,"template":"","format":"standard","meta":{"footnotes":""},"categories":[1],"tags":[],"acf":[],"_links":{"self":[{"href":"https:\/\/www.hospicjumcieszyn.pl\/de\/wp-json\/wp\/v2\/posts\/262"}],"collection":[{"href":"https:\/\/www.hospicjumcieszyn.pl\/de\/wp-json\/wp\/v2\/posts"}],"about":[{"href":"https:\/\/www.hospicjumcieszyn.pl\/de\/wp-json\/wp\/v2\/types\/post"}],"author":[{"embeddable":true,"href":"https:\/\/www.hospicjumcieszyn.pl\/de\/wp-json\/wp\/v2\/users\/1"}],"replies":[{"embeddable":true,"href":"https:\/\/www.hospicjumcieszyn.pl\/de\/wp-json\/wp\/v2\/comments?post=262"}],"version-history":[{"count":4,"href":"https:\/\/www.hospicjumcieszyn.pl\/de\/wp-json\/wp\/v2\/posts\/262\/revisions"}],"predecessor-version":[{"id":400,"href":"https:\/\/www.hospicjumcieszyn.pl\/de\/wp-json\/wp\/v2\/posts\/262\/revisions\/400"}],"wp:attachment":[{"href":"https:\/\/www.hospicjumcieszyn.pl\/de\/wp-json\/wp\/v2\/media?parent=262"}],"wp:term":[{"taxonomy":"category","embeddable":true,"href":"https:\/\/www.hospicjumcieszyn.pl\/de\/wp-json\/wp\/v2\/categories?post=262"},{"taxonomy":"post_tag","embeddable":true,"href":"https:\/\/www.hospicjumcieszyn.pl\/de\/wp-json\/wp\/v2\/tags?post=262"}],"curies":[{"name":"wp","href":"https:\/\/api.w.org\/{rel}","templated":true}]}}