{"id":2674,"date":"2017-04-15T20:08:39","date_gmt":"2017-04-15T18:08:39","guid":{"rendered":"https:\/\/www.hospicjumcieszyn.pl\/?p=2674\/"},"modified":"2017-04-17T20:21:56","modified_gmt":"2017-04-17T18:21:56","slug":"wielkanoc","status":"publish","type":"post","link":"https:\/\/www.hospicjumcieszyn.pl\/de\/wielkanoc\/","title":{"rendered":"Wielkanoc"},"content":{"rendered":"<p style=\"text-align: justify;\"><img loading=\"lazy\" decoding=\"async\" class=\"alignright size-medium wp-image-2675\" src=\"https:\/\/www.hospicjumcieszyn.pl\/wp-content\/uploads\/2017\/04\/easter-eggs-1231120_1920-363x241.jpg\" alt=\"\" width=\"363\" height=\"241\" srcset=\"https:\/\/www.hospicjumcieszyn.pl\/wp-content\/uploads\/2017\/04\/easter-eggs-1231120_1920-363x241.jpg 363w, https:\/\/www.hospicjumcieszyn.pl\/wp-content\/uploads\/2017\/04\/easter-eggs-1231120_1920-180x119.jpg 180w, https:\/\/www.hospicjumcieszyn.pl\/wp-content\/uploads\/2017\/04\/easter-eggs-1231120_1920-768x510.jpg 768w, https:\/\/www.hospicjumcieszyn.pl\/wp-content\/uploads\/2017\/04\/easter-eggs-1231120_1920-726x482.jpg 726w, https:\/\/www.hospicjumcieszyn.pl\/wp-content\/uploads\/2017\/04\/easter-eggs-1231120_1920.jpg 1920w\" sizes=\"(max-width: 363px) 100vw, 363px\" \/>W imieniu Zarz\u0105du Hospicjum sk\u0142adam najserdeczniejsze \u017cyczenia \u015bwi\u0105teczne: wiele rado\u015bci i Bo\u017cego b\u0142ogos\u0142awie\u0144stwa dla wszystkich naszych Pacjent\u00f3w i Ich najbli\u017cszych oraz dla wszystkich wolontariuszy, naszych sympatyk\u00f3w oraz ich rodzin. \u017bycz\u0119, aby nadchodz\u0105cy czas obfitowa\u0142 w pok\u00f3j i wzajemne wsparcie, a \u015bwi\u0105teczne dni zosta\u0142y prze\u017cyte w mi\u0142o\u015bci, kt\u00f3ra ubogaca ka\u017cdego!<\/p>\n<p style=\"text-align: justify;\">Dorota Kania, prezes<\/p>\n","protected":false},"excerpt":{"rendered":"<p>W imieniu Zarz\u0105du Hospicjum sk\u0142adam najserdeczniejsze \u017cyczenia \u015bwi\u0105teczne: wiele rado\u015bci i Bo\u017cego b\u0142ogos\u0142awie\u0144stwa dla wszystkich naszych Pacjent\u00f3w i Ich najbli\u017cszych oraz dla wszystkich wolontariuszy, naszych sympatyk\u00f3w oraz ich rodzin. \u017bycz\u0119, aby nadchodz\u0105cy czas obfitowa\u0142 w pok\u00f3j i wzajemne wsparcie, a \u015bwi\u0105teczne dni zosta\u0142y prze\u017cyte w mi\u0142o\u015bci, kt\u00f3ra ubogaca ka\u017cdego! Dorota Kania, prezes<\/p>\n","protected":false},"author":4,"featured_media":2675,"comment_status":"closed","ping_status":"closed","sticky":false,"template":"","format":"standard","meta":{"footnotes":""},"categories":[1],"tags":[],"acf":[],"_links":{"self":[{"href":"https:\/\/www.hospicjumcieszyn.pl\/de\/wp-json\/wp\/v2\/posts\/2674"}],"collection":[{"href":"https:\/\/www.hospicjumcieszyn.pl\/de\/wp-json\/wp\/v2\/posts"}],"about":[{"href":"https:\/\/www.hospicjumcieszyn.pl\/de\/wp-json\/wp\/v2\/types\/post"}],"author":[{"embeddable":true,"href":"https:\/\/www.hospicjumcieszyn.pl\/de\/wp-json\/wp\/v2\/users\/4"}],"replies":[{"embeddable":true,"href":"https:\/\/www.hospicjumcieszyn.pl\/de\/wp-json\/wp\/v2\/comments?post=2674"}],"version-history":[{"count":1,"href":"https:\/\/www.hospicjumcieszyn.pl\/de\/wp-json\/wp\/v2\/posts\/2674\/revisions"}],"predecessor-version":[{"id":2676,"href":"https:\/\/www.hospicjumcieszyn.pl\/de\/wp-json\/wp\/v2\/posts\/2674\/revisions\/2676"}],"wp:featuredmedia":[{"embeddable":true,"href":"https:\/\/www.hospicjumcieszyn.pl\/de\/wp-json\/wp\/v2\/media\/2675"}],"wp:attachment":[{"href":"https:\/\/www.hospicjumcieszyn.pl\/de\/wp-json\/wp\/v2\/media?parent=2674"}],"wp:term":[{"taxonomy":"category","embeddable":true,"href":"https:\/\/www.hospicjumcieszyn.pl\/de\/wp-json\/wp\/v2\/categories?post=2674"},{"taxonomy":"post_tag","embeddable":true,"href":"https:\/\/www.hospicjumcieszyn.pl\/de\/wp-json\/wp\/v2\/tags?post=2674"}],"curies":[{"name":"wp","href":"https:\/\/api.w.org\/{rel}","templated":true}]}}