{"id":2813,"date":"2017-10-31T21:24:19","date_gmt":"2017-10-31T20:24:19","guid":{"rendered":"https:\/\/www.hospicjumcieszyn.pl\/?p=2813"},"modified":"2017-10-31T21:24:19","modified_gmt":"2017-10-31T20:24:19","slug":"spotkanie-filmowe","status":"publish","type":"post","link":"https:\/\/www.hospicjumcieszyn.pl\/de\/spotkanie-filmowe\/","title":{"rendered":"Spotkanie filmowe"},"content":{"rendered":"<p style=\"text-align: justify;\"><a href=\"https:\/\/www.hospicjumcieszyn.pl\/wp-content\/uploads\/2017\/10\/20170924_170116.jpg\"><img loading=\"lazy\" decoding=\"async\" class=\"alignright size-medium wp-image-2814\" src=\"https:\/\/www.hospicjumcieszyn.pl\/wp-content\/uploads\/2017\/10\/20170924_170116-363x204.jpg\" alt=\"\" width=\"363\" height=\"204\" srcset=\"https:\/\/www.hospicjumcieszyn.pl\/wp-content\/uploads\/2017\/10\/20170924_170116-363x204.jpg 363w, https:\/\/www.hospicjumcieszyn.pl\/wp-content\/uploads\/2017\/10\/20170924_170116-180x101.jpg 180w, https:\/\/www.hospicjumcieszyn.pl\/wp-content\/uploads\/2017\/10\/20170924_170116-768x432.jpg 768w, https:\/\/www.hospicjumcieszyn.pl\/wp-content\/uploads\/2017\/10\/20170924_170116-726x408.jpg 726w, https:\/\/www.hospicjumcieszyn.pl\/wp-content\/uploads\/2017\/10\/20170924_170116.jpg 2048w\" sizes=\"(max-width: 363px) 100vw, 363px\" \/><\/a> Tym razem dwie godzinki przelecia\u0142y jak z bicza strzeli\u0142. 15 pa\u017adziernika spotkanie rodzin osieroconych po\u0142\u0105czyli\u015bmy z ogl\u0105daniem film\u00f3w i prezentacji o tematyce hospicyjnej oraz zdj\u0119\u0107 z naszych spotka\u0144. Rzecz jasna, nie zabrak\u0142o smako\u0142yk\u00f3w, kt\u00f3re uprzyjemni\u0142y ca\u0142e popo\u0142udnie.<\/p>\n<p style=\"text-align: justify;\">Zdj\u0119cia i filmy robili p. Bronek Szpak i p. Dorota Kania.<\/p>\n","protected":false},"excerpt":{"rendered":"<p>Tym razem dwie godzinki przelecia\u0142y jak z bicza strzeli\u0142. 15 pa\u017adziernika spotkanie rodzin osieroconych po\u0142\u0105czyli\u015bmy z ogl\u0105daniem film\u00f3w i prezentacji o tematyce hospicyjnej oraz zdj\u0119\u0107 z naszych spotka\u0144. Rzecz jasna, nie zabrak\u0142o smako\u0142yk\u00f3w, kt\u00f3re uprzyjemni\u0142y ca\u0142e popo\u0142udnie. Zdj\u0119cia i filmy robili p. Bronek Szpak i p. Dorota Kania.<\/p>\n","protected":false},"author":4,"featured_media":2814,"comment_status":"closed","ping_status":"closed","sticky":false,"template":"","format":"standard","meta":{"footnotes":""},"categories":[1],"tags":[],"acf":[],"_links":{"self":[{"href":"https:\/\/www.hospicjumcieszyn.pl\/de\/wp-json\/wp\/v2\/posts\/2813"}],"collection":[{"href":"https:\/\/www.hospicjumcieszyn.pl\/de\/wp-json\/wp\/v2\/posts"}],"about":[{"href":"https:\/\/www.hospicjumcieszyn.pl\/de\/wp-json\/wp\/v2\/types\/post"}],"author":[{"embeddable":true,"href":"https:\/\/www.hospicjumcieszyn.pl\/de\/wp-json\/wp\/v2\/users\/4"}],"replies":[{"embeddable":true,"href":"https:\/\/www.hospicjumcieszyn.pl\/de\/wp-json\/wp\/v2\/comments?post=2813"}],"version-history":[{"count":2,"href":"https:\/\/www.hospicjumcieszyn.pl\/de\/wp-json\/wp\/v2\/posts\/2813\/revisions"}],"predecessor-version":[{"id":2816,"href":"https:\/\/www.hospicjumcieszyn.pl\/de\/wp-json\/wp\/v2\/posts\/2813\/revisions\/2816"}],"wp:featuredmedia":[{"embeddable":true,"href":"https:\/\/www.hospicjumcieszyn.pl\/de\/wp-json\/wp\/v2\/media\/2814"}],"wp:attachment":[{"href":"https:\/\/www.hospicjumcieszyn.pl\/de\/wp-json\/wp\/v2\/media?parent=2813"}],"wp:term":[{"taxonomy":"category","embeddable":true,"href":"https:\/\/www.hospicjumcieszyn.pl\/de\/wp-json\/wp\/v2\/categories?post=2813"},{"taxonomy":"post_tag","embeddable":true,"href":"https:\/\/www.hospicjumcieszyn.pl\/de\/wp-json\/wp\/v2\/tags?post=2813"}],"curies":[{"name":"wp","href":"https:\/\/api.w.org\/{rel}","templated":true}]}}