{"id":3002,"date":"2018-05-01T22:50:07","date_gmt":"2018-05-01T20:50:07","guid":{"rendered":"https:\/\/www.hospicjumcieszyn.pl\/?p=3002"},"modified":"2018-05-01T23:15:58","modified_gmt":"2018-05-01T21:15:58","slug":"wiosenne-i-konkursowo","status":"publish","type":"post","link":"https:\/\/www.hospicjumcieszyn.pl\/de\/wiosenne-i-konkursowo\/","title":{"rendered":"Wiosenne i konkursowo"},"content":{"rendered":"<p style=\"text-align: justify;\"><a href=\"https:\/\/www.hospicjumcieszyn.pl\/wp-content\/uploads\/2018\/05\/konkurs-zolta-wiosna-zielona-nadzieja.jpg\"><img loading=\"lazy\" decoding=\"async\" class=\"alignright  wp-image-3014\" src=\"https:\/\/www.hospicjumcieszyn.pl\/wp-content\/uploads\/2018\/05\/konkurs-zolta-wiosna-zielona-nadzieja-257x363.jpg\" alt=\"\" width=\"183\" height=\"258\" srcset=\"https:\/\/www.hospicjumcieszyn.pl\/wp-content\/uploads\/2018\/05\/konkurs-zolta-wiosna-zielona-nadzieja-257x363.jpg 257w, https:\/\/www.hospicjumcieszyn.pl\/wp-content\/uploads\/2018\/05\/konkurs-zolta-wiosna-zielona-nadzieja-170x240.jpg 170w, https:\/\/www.hospicjumcieszyn.pl\/wp-content\/uploads\/2018\/05\/konkurs-zolta-wiosna-zielona-nadzieja-514x726.jpg 514w, https:\/\/www.hospicjumcieszyn.pl\/wp-content\/uploads\/2018\/05\/konkurs-zolta-wiosna-zielona-nadzieja.jpg 582w\" sizes=\"(max-width: 183px) 100vw, 183px\" \/><\/a>Rozpocz\u0119\u0142a si\u0119 wiosenna cz\u0119\u015b\u0107 og\u00f3lnopolskiej kampanii Pola Nadziei.<\/p>\n<p style=\"text-align: justify;\">W tym roku zach\u0119camy dzieci i m\u0142odzie\u017c do udzia\u0142u w konkursach:<\/p>\n<ul style=\"text-align: justify;\">\n<li>przedszkola i szko\u0142y podstawowe &#8211; konkurs plastyczny (<a href=\"https:\/\/www.hospicjumcieszyn.pl\/wp-content\/uploads\/2018\/05\/konkurs-plastyczny.pdf\" target=\"_blank\" rel=\"noopener\">informacje szczeg\u00f3\u0142owe<\/a>)<\/li>\n<li>gimnazja i szko\u0142y ponadgimnazjalne &#8211; konkurs fotograficzny (<a href=\"https:\/\/www.hospicjumcieszyn.pl\/wp-content\/uploads\/2018\/05\/konkurs-FOTO.pdf\" target=\"_blank\" rel=\"noopener\">informacje szczeg\u00f3\u0142owe<\/a>)<\/li>\n<\/ul>\n<p style=\"text-align: justify;\">Zapraszamy wszystkich m\u0142odych, aby z okazji XX-lecia naszego Stowarzyszenia skorzystali i&#8230;<br \/>\nwygrali cenne nagrody!!!<\/p>\n","protected":false},"excerpt":{"rendered":"<p>Rozpocz\u0119\u0142a si\u0119 wiosenna cz\u0119\u015b\u0107 og\u00f3lnopolskiej kampanii Pola Nadziei. W tym roku zach\u0119camy dzieci i m\u0142odzie\u017c do udzia\u0142u w konkursach: przedszkola i szko\u0142y podstawowe &#8211; konkurs plastyczny (informacje szczeg\u00f3\u0142owe) gimnazja i szko\u0142y ponadgimnazjalne &#8211; konkurs fotograficzny (informacje szczeg\u00f3\u0142owe) Zapraszamy wszystkich m\u0142odych, aby z okazji XX-lecia naszego Stowarzyszenia skorzystali i&#8230; wygrali cenne nagrody!!!<\/p>\n","protected":false},"author":1,"featured_media":3014,"comment_status":"closed","ping_status":"closed","sticky":false,"template":"","format":"standard","meta":{"footnotes":""},"categories":[8],"tags":[],"acf":[],"_links":{"self":[{"href":"https:\/\/www.hospicjumcieszyn.pl\/de\/wp-json\/wp\/v2\/posts\/3002"}],"collection":[{"href":"https:\/\/www.hospicjumcieszyn.pl\/de\/wp-json\/wp\/v2\/posts"}],"about":[{"href":"https:\/\/www.hospicjumcieszyn.pl\/de\/wp-json\/wp\/v2\/types\/post"}],"author":[{"embeddable":true,"href":"https:\/\/www.hospicjumcieszyn.pl\/de\/wp-json\/wp\/v2\/users\/1"}],"replies":[{"embeddable":true,"href":"https:\/\/www.hospicjumcieszyn.pl\/de\/wp-json\/wp\/v2\/comments?post=3002"}],"version-history":[{"count":3,"href":"https:\/\/www.hospicjumcieszyn.pl\/de\/wp-json\/wp\/v2\/posts\/3002\/revisions"}],"predecessor-version":[{"id":5668,"href":"https:\/\/www.hospicjumcieszyn.pl\/de\/wp-json\/wp\/v2\/posts\/3002\/revisions\/5668"}],"wp:featuredmedia":[{"embeddable":true,"href":"https:\/\/www.hospicjumcieszyn.pl\/de\/wp-json\/wp\/v2\/media\/3014"}],"wp:attachment":[{"href":"https:\/\/www.hospicjumcieszyn.pl\/de\/wp-json\/wp\/v2\/media?parent=3002"}],"wp:term":[{"taxonomy":"category","embeddable":true,"href":"https:\/\/www.hospicjumcieszyn.pl\/de\/wp-json\/wp\/v2\/categories?post=3002"},{"taxonomy":"post_tag","embeddable":true,"href":"https:\/\/www.hospicjumcieszyn.pl\/de\/wp-json\/wp\/v2\/tags?post=3002"}],"curies":[{"name":"wp","href":"https:\/\/api.w.org\/{rel}","templated":true}]}}