{"id":3021,"date":"2018-05-23T22:28:24","date_gmt":"2018-05-23T20:28:24","guid":{"rendered":"https:\/\/www.hospicjumcieszyn.pl\/?p=3021"},"modified":"2018-06-12T22:29:21","modified_gmt":"2018-06-12T20:29:21","slug":"xx-lecie-naszego-hospicjum","status":"publish","type":"post","link":"https:\/\/www.hospicjumcieszyn.pl\/de\/xx-lecie-naszego-hospicjum\/","title":{"rendered":"XX-lecie naszego Hospicjum"},"content":{"rendered":"<p>W ubieg\u0142y weekend (19 maja) \u015bwi\u0119towali\u015bmy\u00a0XX-lecie istnienia naszego Stowarzyszenia Przyjaci\u00f3\u0142 Chorych HOSPICJUM im. \u0141ukasza Ewangelisty.<br \/>\nNa spotkaniu pojawili si\u0119 kapelani Hospicjum (ks. Szewieczek, o. Symplicjusz Sobczyk), go\u015bcie z innych o\u015brodk\u00f3w, burmistrz Cieszyna Ryszard Macura, wicestarosta Maria Cie\u015blar oraz wszyscy wolontariusze.<br \/>\nPo uroczystej Mszy \u015bw. wyk\u0142ad na temat warto\u015bci, jakie promuje w lokalnym \u015brodowisku Hospicjum, wyg\u0142osi\u0142a prof. Katarzyna Olbrycht-socjolog i kulturoznawca. z U\u015a.<br \/>\nNast\u0119pnie zebrani przeszli do Sali Sesyjnej Ratusza, gdzie rozdano okoliczno\u015bciowe upominki i odby\u0142 si\u0119 koncert skoczowskiego zespo\u0142u AHAWA oraz bankiet.<\/p>\n<hr \/>\n<p>Za\u0142o\u017cyciele:<\/p>\n<ul>\n<li>ks. dr Miros\u0142aw Szewieczek( wikary w parafii p.w. \u015bw. M. Magdaleny w Cieszynie,<\/li>\n<li>pani Janina Kisza Bruell &#8211; teolog ewangelicki,<\/li>\n<li>oraz ju\u017c nie\u017cyj\u0105cy lekarz internista dr Tadeusz Niwi\u0144ski.<\/li>\n<\/ul>\n<p>Inspiracja pojawi\u0142a si\u0119 podczas rekolekcji w Bielsku dla kapelan\u00f3w szpitalnych, w kt\u00f3rych bra\u0142 udzia\u0142 ks. Mirek.<\/p>\n<p>Dzi\u015b to pr\u0119\u017cna grupa (ok. 25-30 os\u00f3b), docieraj\u0105ca do potrzebuj\u0105cych w ca\u0142ym Powiecie, ale szczeg\u00f3lnie w Cieszynie i okolicach.<\/p>\n<p>Hospicjum opiekuje si\u0119 r\u00f3wnie\u017c dzie\u0107mi zmar\u0142ych pacjent\u00f3w do uko\u0144czenia przez nie szko\u0142y ponadgimnazjalnej.<\/p>\n<p>Stowarzyszenie pozyskuje \u015brodki od Gminy i Powiatu oraz z wp\u0142at na tzw. &#8220;1%&#8221; z racji tego \u017ce jest OPP (Organizacj\u0105 Po\u017cytku Publicznego).<\/p>\n<p>Ponadto otrzymuje darowizny od os\u00f3b prywatnych, firm i fundacji, dochod\u00f3w z koncert\u00f3w lub innych imprez okoliczno\u015bciowych.<\/p>\n<p>Od prawie 20 lat prowadzi nieodp\u0142atnie magazyn sprz\u0119tu medycznego dla chorych nowotworowo.<\/p>\n<div id='gallery-1' class='gallery galleryid-3021 gallery-columns-3 gallery-size-thumbnail'><figure class='gallery-item'>\n\t\t\t<div class='gallery-icon landscape'>\n\t\t\t\t<a href='https:\/\/www.hospicjumcieszyn.pl\/de\/xx-lecie-naszego-hospicjum\/20180519_1222311\/#main'><img loading=\"lazy\" decoding=\"async\" width=\"180\" height=\"101\" src=\"https:\/\/www.hospicjumcieszyn.pl\/wp-content\/uploads\/2018\/06\/20180519_1222311-180x101.jpg\" class=\"attachment-thumbnail size-thumbnail\" alt=\"\" srcset=\"https:\/\/www.hospicjumcieszyn.pl\/wp-content\/uploads\/2018\/06\/20180519_1222311-180x101.jpg 180w, https:\/\/www.hospicjumcieszyn.pl\/wp-content\/uploads\/2018\/06\/20180519_1222311-363x204.jpg 363w, https:\/\/www.hospicjumcieszyn.pl\/wp-content\/uploads\/2018\/06\/20180519_1222311-768x432.jpg 768w, https:\/\/www.hospicjumcieszyn.pl\/wp-content\/uploads\/2018\/06\/20180519_1222311-726x408.jpg 726w, https:\/\/www.hospicjumcieszyn.pl\/wp-content\/uploads\/2018\/06\/20180519_1222311.jpg 1874w\" sizes=\"(max-width: 180px) 100vw, 180px\" \/><\/a>\n\t\t\t<\/div><\/figure><figure class='gallery-item'>\n\t\t\t<div class='gallery-icon landscape'>\n\t\t\t\t<a href='https:\/\/www.hospicjumcieszyn.pl\/de\/xx-lecie-naszego-hospicjum\/20180519_103520\/#main'><img loading=\"lazy\" decoding=\"async\" width=\"180\" height=\"101\" src=\"https:\/\/www.hospicjumcieszyn.pl\/wp-content\/uploads\/2018\/06\/20180519_103520-180x101.jpg\" class=\"attachment-thumbnail size-thumbnail\" alt=\"\" srcset=\"https:\/\/www.hospicjumcieszyn.pl\/wp-content\/uploads\/2018\/06\/20180519_103520-180x101.jpg 180w, https:\/\/www.hospicjumcieszyn.pl\/wp-content\/uploads\/2018\/06\/20180519_103520-363x204.jpg 363w, https:\/\/www.hospicjumcieszyn.pl\/wp-content\/uploads\/2018\/06\/20180519_103520-768x432.jpg 768w, https:\/\/www.hospicjumcieszyn.pl\/wp-content\/uploads\/2018\/06\/20180519_103520-726x408.jpg 726w, https:\/\/www.hospicjumcieszyn.pl\/wp-content\/uploads\/2018\/06\/20180519_103520.jpg 2048w\" sizes=\"(max-width: 180px) 100vw, 180px\" \/><\/a>\n\t\t\t<\/div><\/figure><figure class='gallery-item'>\n\t\t\t<div class='gallery-icon landscape'>\n\t\t\t\t<a href='https:\/\/www.hospicjumcieszyn.pl\/de\/xx-lecie-naszego-hospicjum\/20180519_121550\/#main'><img loading=\"lazy\" decoding=\"async\" width=\"180\" height=\"101\" src=\"https:\/\/www.hospicjumcieszyn.pl\/wp-content\/uploads\/2018\/06\/20180519_121550-180x101.jpg\" class=\"attachment-thumbnail size-thumbnail\" alt=\"\" srcset=\"https:\/\/www.hospicjumcieszyn.pl\/wp-content\/uploads\/2018\/06\/20180519_121550-180x101.jpg 180w, https:\/\/www.hospicjumcieszyn.pl\/wp-content\/uploads\/2018\/06\/20180519_121550-363x204.jpg 363w, https:\/\/www.hospicjumcieszyn.pl\/wp-content\/uploads\/2018\/06\/20180519_121550-768x432.jpg 768w, https:\/\/www.hospicjumcieszyn.pl\/wp-content\/uploads\/2018\/06\/20180519_121550-726x408.jpg 726w, https:\/\/www.hospicjumcieszyn.pl\/wp-content\/uploads\/2018\/06\/20180519_121550.jpg 2048w\" sizes=\"(max-width: 180px) 100vw, 180px\" \/><\/a>\n\t\t\t<\/div><\/figure><figure class='gallery-item'>\n\t\t\t<div class='gallery-icon landscape'>\n\t\t\t\t<a href='https:\/\/www.hospicjumcieszyn.pl\/de\/xx-lecie-naszego-hospicjum\/20180519_121904\/#main'><img loading=\"lazy\" decoding=\"async\" width=\"180\" height=\"101\" src=\"https:\/\/www.hospicjumcieszyn.pl\/wp-content\/uploads\/2018\/06\/20180519_121904-180x101.jpg\" class=\"attachment-thumbnail size-thumbnail\" alt=\"\" srcset=\"https:\/\/www.hospicjumcieszyn.pl\/wp-content\/uploads\/2018\/06\/20180519_121904-180x101.jpg 180w, https:\/\/www.hospicjumcieszyn.pl\/wp-content\/uploads\/2018\/06\/20180519_121904-363x204.jpg 363w, https:\/\/www.hospicjumcieszyn.pl\/wp-content\/uploads\/2018\/06\/20180519_121904-768x432.jpg 768w, https:\/\/www.hospicjumcieszyn.pl\/wp-content\/uploads\/2018\/06\/20180519_121904-726x408.jpg 726w, https:\/\/www.hospicjumcieszyn.pl\/wp-content\/uploads\/2018\/06\/20180519_121904.jpg 2048w\" sizes=\"(max-width: 180px) 100vw, 180px\" \/><\/a>\n\t\t\t<\/div><\/figure><figure class='gallery-item'>\n\t\t\t<div class='gallery-icon landscape'>\n\t\t\t\t<a href='https:\/\/www.hospicjumcieszyn.pl\/de\/xx-lecie-naszego-hospicjum\/20180519_122137\/#main'><img loading=\"lazy\" decoding=\"async\" width=\"180\" height=\"101\" src=\"https:\/\/www.hospicjumcieszyn.pl\/wp-content\/uploads\/2018\/06\/20180519_122137-180x101.jpg\" class=\"attachment-thumbnail size-thumbnail\" alt=\"\" srcset=\"https:\/\/www.hospicjumcieszyn.pl\/wp-content\/uploads\/2018\/06\/20180519_122137-180x101.jpg 180w, https:\/\/www.hospicjumcieszyn.pl\/wp-content\/uploads\/2018\/06\/20180519_122137-363x204.jpg 363w, https:\/\/www.hospicjumcieszyn.pl\/wp-content\/uploads\/2018\/06\/20180519_122137-768x432.jpg 768w, https:\/\/www.hospicjumcieszyn.pl\/wp-content\/uploads\/2018\/06\/20180519_122137-726x408.jpg 726w, https:\/\/www.hospicjumcieszyn.pl\/wp-content\/uploads\/2018\/06\/20180519_122137.jpg 2048w\" sizes=\"(max-width: 180px) 100vw, 180px\" \/><\/a>\n\t\t\t<\/div><\/figure><figure class='gallery-item'>\n\t\t\t<div class='gallery-icon landscape'>\n\t\t\t\t<a href='https:\/\/www.hospicjumcieszyn.pl\/de\/xx-lecie-naszego-hospicjum\/20180519_122736\/#main'><img loading=\"lazy\" decoding=\"async\" width=\"180\" height=\"101\" src=\"https:\/\/www.hospicjumcieszyn.pl\/wp-content\/uploads\/2018\/06\/20180519_122736-180x101.jpg\" class=\"attachment-thumbnail size-thumbnail\" alt=\"\" srcset=\"https:\/\/www.hospicjumcieszyn.pl\/wp-content\/uploads\/2018\/06\/20180519_122736-180x101.jpg 180w, https:\/\/www.hospicjumcieszyn.pl\/wp-content\/uploads\/2018\/06\/20180519_122736-363x204.jpg 363w, https:\/\/www.hospicjumcieszyn.pl\/wp-content\/uploads\/2018\/06\/20180519_122736-768x432.jpg 768w, https:\/\/www.hospicjumcieszyn.pl\/wp-content\/uploads\/2018\/06\/20180519_122736-726x408.jpg 726w, https:\/\/www.hospicjumcieszyn.pl\/wp-content\/uploads\/2018\/06\/20180519_122736.jpg 2048w\" sizes=\"(max-width: 180px) 100vw, 180px\" \/><\/a>\n\t\t\t<\/div><\/figure><figure class='gallery-item'>\n\t\t\t<div class='gallery-icon portrait'>\n\t\t\t\t<a href='https:\/\/www.hospicjumcieszyn.pl\/de\/xx-lecie-naszego-hospicjum\/20180519_122959\/#main'><img loading=\"lazy\" decoding=\"async\" width=\"135\" height=\"240\" src=\"https:\/\/www.hospicjumcieszyn.pl\/wp-content\/uploads\/2018\/06\/20180519_122959-135x240.jpg\" class=\"attachment-thumbnail size-thumbnail\" alt=\"\" srcset=\"https:\/\/www.hospicjumcieszyn.pl\/wp-content\/uploads\/2018\/06\/20180519_122959-135x240.jpg 135w, https:\/\/www.hospicjumcieszyn.pl\/wp-content\/uploads\/2018\/06\/20180519_122959-204x363.jpg 204w, https:\/\/www.hospicjumcieszyn.pl\/wp-content\/uploads\/2018\/06\/20180519_122959-768x1365.jpg 768w, https:\/\/www.hospicjumcieszyn.pl\/wp-content\/uploads\/2018\/06\/20180519_122959-408x726.jpg 408w, https:\/\/www.hospicjumcieszyn.pl\/wp-content\/uploads\/2018\/06\/20180519_122959.jpg 1152w\" sizes=\"(max-width: 135px) 100vw, 135px\" \/><\/a>\n\t\t\t<\/div><\/figure>\n\t\t<\/div>\n\n<p>&nbsp;<\/p>\n","protected":false},"excerpt":{"rendered":"<p>W ubieg\u0142y weekend (19 maja) \u015bwi\u0119towali\u015bmy\u00a0XX-lecie istnienia naszego Stowarzyszenia Przyjaci\u00f3\u0142 Chorych HOSPICJUM im. \u0141ukasza Ewangelisty. Na spotkaniu pojawili si\u0119 kapelani Hospicjum (ks. Szewieczek, o. Symplicjusz Sobczyk), go\u015bcie z innych o\u015brodk\u00f3w, burmistrz Cieszyna Ryszard Macura, wicestarosta Maria Cie\u015blar oraz wszyscy wolontariusze. Po uroczystej Mszy \u015bw. wyk\u0142ad na temat warto\u015bci, jakie promuje w lokalnym \u015brodowisku Hospicjum, wyg\u0142osi\u0142a &#8230; <a title=\"XX-lecie naszego Hospicjum\" class=\"read-more\" href=\"https:\/\/www.hospicjumcieszyn.pl\/de\/xx-lecie-naszego-hospicjum\/\" aria-label=\"Mehr dazu unter XX-lecie naszego Hospicjum\">Weiterlesen<\/a><\/p>\n","protected":false},"author":4,"featured_media":3031,"comment_status":"closed","ping_status":"closed","sticky":false,"template":"","format":"standard","meta":{"footnotes":""},"categories":[1],"tags":[],"acf":[],"_links":{"self":[{"href":"https:\/\/www.hospicjumcieszyn.pl\/de\/wp-json\/wp\/v2\/posts\/3021"}],"collection":[{"href":"https:\/\/www.hospicjumcieszyn.pl\/de\/wp-json\/wp\/v2\/posts"}],"about":[{"href":"https:\/\/www.hospicjumcieszyn.pl\/de\/wp-json\/wp\/v2\/types\/post"}],"author":[{"embeddable":true,"href":"https:\/\/www.hospicjumcieszyn.pl\/de\/wp-json\/wp\/v2\/users\/4"}],"replies":[{"embeddable":true,"href":"https:\/\/www.hospicjumcieszyn.pl\/de\/wp-json\/wp\/v2\/comments?post=3021"}],"version-history":[{"count":4,"href":"https:\/\/www.hospicjumcieszyn.pl\/de\/wp-json\/wp\/v2\/posts\/3021\/revisions"}],"predecessor-version":[{"id":3032,"href":"https:\/\/www.hospicjumcieszyn.pl\/de\/wp-json\/wp\/v2\/posts\/3021\/revisions\/3032"}],"wp:featuredmedia":[{"embeddable":true,"href":"https:\/\/www.hospicjumcieszyn.pl\/de\/wp-json\/wp\/v2\/media\/3031"}],"wp:attachment":[{"href":"https:\/\/www.hospicjumcieszyn.pl\/de\/wp-json\/wp\/v2\/media?parent=3021"}],"wp:term":[{"taxonomy":"category","embeddable":true,"href":"https:\/\/www.hospicjumcieszyn.pl\/de\/wp-json\/wp\/v2\/categories?post=3021"},{"taxonomy":"post_tag","embeddable":true,"href":"https:\/\/www.hospicjumcieszyn.pl\/de\/wp-json\/wp\/v2\/tags?post=3021"}],"curies":[{"name":"wp","href":"https:\/\/api.w.org\/{rel}","templated":true}]}}