{"id":3092,"date":"2018-10-20T21:49:00","date_gmt":"2018-10-20T19:49:00","guid":{"rendered":"https:\/\/www.hospicjumcieszyn.pl\/?p=3092"},"modified":"2018-10-31T21:52:35","modified_gmt":"2018-10-31T20:52:35","slug":"szkolenia-wolontariuszy","status":"publish","type":"post","link":"https:\/\/www.hospicjumcieszyn.pl\/de\/szkolenia-wolontariuszy\/","title":{"rendered":"Szkolenia wolontariuszy"},"content":{"rendered":"<p>Ju\u017c przed wakacjami rozpocz\u0119to cykl szkole\u0144 &#8220;jubileuszowych&#8221; (tzn. z okazji XX-lecia istnienia Hospicjum) w pewnym sensie na \u017cyczenie wolontariuszy.<\/p>\n<p>Zakres tematyczny pierwszych spotka\u0144 jest nast\u0119puj\u0105cy:<\/p>\n<ul>\n<li>znajomo\u015b\u0107 przepis\u00f3w RODO<\/li>\n<li>rehabilitacja pacjent\u00f3w le\u017c\u0105cych<\/li>\n<li>psychologiczne aspekty \u017ca\u0142oby<\/li>\n<\/ul>\n<p>Systematycznie b\u0119dziemy informowa\u0107 o kolejnych tematach.<\/p>\n","protected":false},"excerpt":{"rendered":"<p>Ju\u017c przed wakacjami rozpocz\u0119to cykl szkole\u0144 &#8220;jubileuszowych&#8221; (tzn. z okazji XX-lecia istnienia Hospicjum) w pewnym sensie na \u017cyczenie wolontariuszy. Zakres tematyczny pierwszych spotka\u0144 jest nast\u0119puj\u0105cy: znajomo\u015b\u0107 przepis\u00f3w RODO rehabilitacja pacjent\u00f3w le\u017c\u0105cych psychologiczne aspekty \u017ca\u0142oby Systematycznie b\u0119dziemy informowa\u0107 o kolejnych tematach.<\/p>\n","protected":false},"author":4,"featured_media":0,"comment_status":"closed","ping_status":"closed","sticky":false,"template":"","format":"standard","meta":{"footnotes":""},"categories":[6],"tags":[],"acf":[],"_links":{"self":[{"href":"https:\/\/www.hospicjumcieszyn.pl\/de\/wp-json\/wp\/v2\/posts\/3092"}],"collection":[{"href":"https:\/\/www.hospicjumcieszyn.pl\/de\/wp-json\/wp\/v2\/posts"}],"about":[{"href":"https:\/\/www.hospicjumcieszyn.pl\/de\/wp-json\/wp\/v2\/types\/post"}],"author":[{"embeddable":true,"href":"https:\/\/www.hospicjumcieszyn.pl\/de\/wp-json\/wp\/v2\/users\/4"}],"replies":[{"embeddable":true,"href":"https:\/\/www.hospicjumcieszyn.pl\/de\/wp-json\/wp\/v2\/comments?post=3092"}],"version-history":[{"count":1,"href":"https:\/\/www.hospicjumcieszyn.pl\/de\/wp-json\/wp\/v2\/posts\/3092\/revisions"}],"predecessor-version":[{"id":3093,"href":"https:\/\/www.hospicjumcieszyn.pl\/de\/wp-json\/wp\/v2\/posts\/3092\/revisions\/3093"}],"wp:attachment":[{"href":"https:\/\/www.hospicjumcieszyn.pl\/de\/wp-json\/wp\/v2\/media?parent=3092"}],"wp:term":[{"taxonomy":"category","embeddable":true,"href":"https:\/\/www.hospicjumcieszyn.pl\/de\/wp-json\/wp\/v2\/categories?post=3092"},{"taxonomy":"post_tag","embeddable":true,"href":"https:\/\/www.hospicjumcieszyn.pl\/de\/wp-json\/wp\/v2\/tags?post=3092"}],"curies":[{"name":"wp","href":"https:\/\/api.w.org\/{rel}","templated":true}]}}