{"id":473,"date":"2013-05-01T09:44:21","date_gmt":"2013-05-01T07:44:21","guid":{"rendered":"https:\/\/www.hospicjumcieszyn.pl\/?p=473"},"modified":"2013-08-21T19:40:47","modified_gmt":"2013-08-21T17:40:47","slug":"zonkilowy-konkurs-rozstrzygniety","status":"publish","type":"post","link":"https:\/\/www.hospicjumcieszyn.pl\/de\/zonkilowy-konkurs-rozstrzygniety\/","title":{"rendered":"\u017bonkilowy konkurs rozstrzygni\u0119ty"},"content":{"rendered":"<p style=\"text-align: justify;\">Wraz z pojawieniem si\u0119 nieco sp\u00f3\u017anionej w tym roku wiosny, ruszy\u0142y dzia\u0142ania\u00a0w ramach og\u00f3lnopolskiej kampanii hospicyjnej Pola Nadziei, w kt\u00f3rej nasze Hospicjum\u00a0uczestniczy ju\u017c po raz drugi. Inauguracji tegorocznej edycji dokona\u0142y &#8230;\u017conkile, kt\u00f3re\u00a0pi\u0119knie rozkwit\u0142y wraz z pierwszymi promieniami wiosennego s\u0142o\u0144ca, na przek\u00f3r\u00a0przyd\u0142ugiej zimie, na naszych \u017conkilowych polach, obsadzonych jesieni\u0105. Czym pr\u0119dzej\u00a0do\u0142\u0105czyli\u015bmy do \u017conkili, organizuj\u0105c konkurs plastyczny pod tytu\u0142em \u201e\u017b\u00f3\u0142ty \u017bonkil\u201d\u00a0na najpi\u0119kniejsz\u0105 pacynk\u0119, kukie\u0142k\u0119 lub maskotk\u0119. Uczestnicy nie mieli \u0142atwego zadania,\u00a0niemniej nie brakowa\u0142o ch\u0119tnych, kt\u00f3rzy postanowili zmierzy\u0107 si\u0119 z t\u0105 trudn\u0105 form\u0105\u00a0plastyczn\u0105. Wp\u0142yn\u0119\u0142y prace z zaanga\u017cowanych w Pola Nadziei przedszkoli oraz szko\u0142y\u00a0podstawowej. W dniu 18 kwietnia zebra\u0142o si\u0119 Jury, aby wy\u0142oni\u0107 laureat\u00f3w. Wyb\u00f3r by\u0142\u00a0ci\u0119\u017cki, bo ka\u017cda praca to w\u0142o\u017cony trud, ka\u017cda cieszy\u0142a oko, w ka\u017cdej by\u0142o co\u015b ciekawego.<\/p>\n<p style=\"text-align: justify;\">Jako najlepsi z najlepszych zostali uznani:<br \/>\n&#8211; w kategorii przedszkola:<\/p>\n<ul style=\"text-align: justify;\">\n<li><span style=\"font-family: inherit; line-height: 1.6;\">I miejsce ex aequo zaj\u0119\u0142y prace zbiorowe wykonane przez grup\u0119 \u201ePrzyjaciele Misia\u201d\u00a0<\/span><span style=\"font-family: inherit; line-height: 1.6;\">z Niepublicznego Przedszkola im. Jasia i Ma\u0142gosi w Cieszynie oraz grup\u0119 \u201ePszcz\u00f3\u0142ki\u201d\u00a0<\/span>z Niepublicznego Przedszkola Tw\u00f3rczego To Tu w Cieszynie;<\/li>\n<li>II miejsce zaj\u0119\u0142a praca Justyny Paproty z Przedszkola nr 7 w Cieszynie;<\/li>\n<li>III miejsce zaj\u0119\u0142a praca Franciszka Olszara z Przedszkola nr 7 w Cieszynie;<\/li>\n<li>wyr\u00f3\u017cnienie otrzyma\u0142a Natalia Grzybek z Przedszkola nr 7 w Cieszynie.<\/li>\n<\/ul>\n<p style=\"text-align: justify;\">&#8211; w kategorii szko\u0142a podstawowa, klasa 2:<\/p>\n<ul style=\"text-align: justify;\">\n<li>I miejsce zaj\u0119\u0142a praca Oliwii W\u0119glorz ze Szko\u0142y Podstawowej nr 3 w Cieszynie;<\/li>\n<li><span style=\"font-family: inherit; line-height: 1.6;\">II miejsce zaj\u0119\u0142a praca Paw\u0142a Fizek ze Szko\u0142y Podstawowej nr 3 w Cieszynie;<\/span><\/li>\n<li><span style=\"font-family: inherit; line-height: 1.6;\">III miejsce zaj\u0119\u0142a praca Weroniki Cie\u015blar ze Szko\u0142y Podstawowej nr 3 w Cieszynie;<\/span><\/li>\n<li><span style=\"font-family: inherit; line-height: 1.6;\">wyr\u00f3\u017cnienie otrzyma\u0142a Julia Iskrzycka ze Szko\u0142y Podstawowej nr 3 w Cieszynie.<\/span><\/li>\n<\/ul>\n<p style=\"text-align: justify;\">&#8211; w kategorii szko\u0142a podstawowa, klasa 4 i 6:<\/p>\n<ul style=\"text-align: justify;\">\n<li><span style=\"font-family: inherit; line-height: 1.6;\">I miejsce zaj\u0119\u0142a praca Justyny Chromik ze Szko\u0142y Podstawowej nr 3 w Cieszynie;<\/span><\/li>\n<li><span style=\"font-family: inherit; line-height: 1.6;\">II miejsce zaj\u0119\u0142a praca Justyny Jastrz\u0119bskiej ze Szko\u0142y Podstawowej nr 3 w Cieszynie;<\/span><\/li>\n<li><span style=\"font-family: inherit; line-height: 1.6;\">III miejsce zaj\u0119\u0142a praca Justyny Janik ze Szko\u0142y Podstawowej nr 3 w Cieszynie;<\/span><\/li>\n<li><span style=\"font-family: inherit; line-height: 1.6;\">wyr\u00f3\u017cnienie otrzyma\u0142a Samanta G\u00f3rniak ze Szko\u0142y Podstawowej nr 3 w Cieszynie.<\/span><\/li>\n<\/ul>\n<p style=\"text-align: justify;\">Dzi\u0119kujemy wszystkim za udzia\u0142 w konkursie, a w spos\u00f3b szczeg\u00f3lny gratulujemy\u00a0laureatom!<\/p>\n<p style=\"text-align: justify;\">Wszystkich, kt\u00f3rzy mieliby ochot\u0119 podziwia\u0107 nagrodzone prace, zapraszamy\u00a0serdecznie do Biblioteki Miejskiej w Cieszynie przy ul. G\u0142\u0119bokiej 15, gdzie w dniach od 10\u00a0do 16 maja b\u0119dzie mo\u017cna obejrze\u0107 w witrynie wystaw\u0119 tych\u017ce prac.<\/p>\n<div id='gallery-1' class='gallery galleryid-473 gallery-columns-3 gallery-size-thumbnail'><figure class='gallery-item'>\n\t\t\t<div class='gallery-icon landscape'>\n\t\t\t\t<a href='https:\/\/www.hospicjumcieszyn.pl\/de\/100_7306\/'><img loading=\"lazy\" decoding=\"async\" width=\"180\" height=\"135\" src=\"https:\/\/www.hospicjumcieszyn.pl\/wp-content\/uploads\/2013\/05\/100_7306-180x135.jpg\" class=\"attachment-thumbnail size-thumbnail\" alt=\"\" srcset=\"https:\/\/www.hospicjumcieszyn.pl\/wp-content\/uploads\/2013\/05\/100_7306-180x135.jpg 180w, https:\/\/www.hospicjumcieszyn.pl\/wp-content\/uploads\/2013\/05\/100_7306-363x272.jpg 363w, https:\/\/www.hospicjumcieszyn.pl\/wp-content\/uploads\/2013\/05\/100_7306-726x544.jpg 726w, https:\/\/www.hospicjumcieszyn.pl\/wp-content\/uploads\/2013\/05\/100_7306.jpg 1024w\" sizes=\"(max-width: 180px) 100vw, 180px\" \/><\/a>\n\t\t\t<\/div><\/figure><figure class='gallery-item'>\n\t\t\t<div class='gallery-icon landscape'>\n\t\t\t\t<a href='https:\/\/www.hospicjumcieszyn.pl\/de\/100_7307\/'><img loading=\"lazy\" decoding=\"async\" width=\"180\" height=\"135\" src=\"https:\/\/www.hospicjumcieszyn.pl\/wp-content\/uploads\/2013\/05\/100_7307-180x135.jpg\" class=\"attachment-thumbnail size-thumbnail\" alt=\"\" srcset=\"https:\/\/www.hospicjumcieszyn.pl\/wp-content\/uploads\/2013\/05\/100_7307-180x135.jpg 180w, https:\/\/www.hospicjumcieszyn.pl\/wp-content\/uploads\/2013\/05\/100_7307-363x272.jpg 363w, https:\/\/www.hospicjumcieszyn.pl\/wp-content\/uploads\/2013\/05\/100_7307-726x544.jpg 726w, https:\/\/www.hospicjumcieszyn.pl\/wp-content\/uploads\/2013\/05\/100_7307.jpg 1024w\" sizes=\"(max-width: 180px) 100vw, 180px\" \/><\/a>\n\t\t\t<\/div><\/figure><figure class='gallery-item'>\n\t\t\t<div class='gallery-icon landscape'>\n\t\t\t\t<a href='https:\/\/www.hospicjumcieszyn.pl\/de\/100_7308\/'><img loading=\"lazy\" decoding=\"async\" width=\"180\" height=\"135\" src=\"https:\/\/www.hospicjumcieszyn.pl\/wp-content\/uploads\/2013\/05\/100_7308-180x135.jpg\" class=\"attachment-thumbnail size-thumbnail\" alt=\"\" srcset=\"https:\/\/www.hospicjumcieszyn.pl\/wp-content\/uploads\/2013\/05\/100_7308-180x135.jpg 180w, https:\/\/www.hospicjumcieszyn.pl\/wp-content\/uploads\/2013\/05\/100_7308-363x272.jpg 363w, https:\/\/www.hospicjumcieszyn.pl\/wp-content\/uploads\/2013\/05\/100_7308-726x544.jpg 726w, https:\/\/www.hospicjumcieszyn.pl\/wp-content\/uploads\/2013\/05\/100_7308.jpg 1024w\" sizes=\"(max-width: 180px) 100vw, 180px\" \/><\/a>\n\t\t\t<\/div><\/figure><figure class='gallery-item'>\n\t\t\t<div class='gallery-icon landscape'>\n\t\t\t\t<a href='https:\/\/www.hospicjumcieszyn.pl\/de\/100_7309\/'><img loading=\"lazy\" decoding=\"async\" width=\"180\" height=\"135\" src=\"https:\/\/www.hospicjumcieszyn.pl\/wp-content\/uploads\/2013\/05\/100_7309-180x135.jpg\" class=\"attachment-thumbnail size-thumbnail\" alt=\"\" srcset=\"https:\/\/www.hospicjumcieszyn.pl\/wp-content\/uploads\/2013\/05\/100_7309-180x135.jpg 180w, https:\/\/www.hospicjumcieszyn.pl\/wp-content\/uploads\/2013\/05\/100_7309-363x272.jpg 363w, https:\/\/www.hospicjumcieszyn.pl\/wp-content\/uploads\/2013\/05\/100_7309-726x544.jpg 726w, https:\/\/www.hospicjumcieszyn.pl\/wp-content\/uploads\/2013\/05\/100_7309.jpg 1024w\" sizes=\"(max-width: 180px) 100vw, 180px\" \/><\/a>\n\t\t\t<\/div><\/figure><figure class='gallery-item'>\n\t\t\t<div class='gallery-icon landscape'>\n\t\t\t\t<a href='https:\/\/www.hospicjumcieszyn.pl\/de\/100_7310\/'><img loading=\"lazy\" decoding=\"async\" width=\"180\" height=\"135\" src=\"https:\/\/www.hospicjumcieszyn.pl\/wp-content\/uploads\/2013\/05\/100_7310-180x135.jpg\" class=\"attachment-thumbnail size-thumbnail\" alt=\"\" srcset=\"https:\/\/www.hospicjumcieszyn.pl\/wp-content\/uploads\/2013\/05\/100_7310-180x135.jpg 180w, https:\/\/www.hospicjumcieszyn.pl\/wp-content\/uploads\/2013\/05\/100_7310-363x272.jpg 363w, https:\/\/www.hospicjumcieszyn.pl\/wp-content\/uploads\/2013\/05\/100_7310-726x544.jpg 726w, https:\/\/www.hospicjumcieszyn.pl\/wp-content\/uploads\/2013\/05\/100_7310.jpg 1024w\" sizes=\"(max-width: 180px) 100vw, 180px\" \/><\/a>\n\t\t\t<\/div><\/figure><figure class='gallery-item'>\n\t\t\t<div class='gallery-icon landscape'>\n\t\t\t\t<a href='https:\/\/www.hospicjumcieszyn.pl\/de\/100_7312\/'><img loading=\"lazy\" decoding=\"async\" width=\"180\" height=\"135\" src=\"https:\/\/www.hospicjumcieszyn.pl\/wp-content\/uploads\/2013\/05\/100_7312-180x135.jpg\" class=\"attachment-thumbnail size-thumbnail\" alt=\"\" srcset=\"https:\/\/www.hospicjumcieszyn.pl\/wp-content\/uploads\/2013\/05\/100_7312-180x135.jpg 180w, https:\/\/www.hospicjumcieszyn.pl\/wp-content\/uploads\/2013\/05\/100_7312-363x272.jpg 363w, https:\/\/www.hospicjumcieszyn.pl\/wp-content\/uploads\/2013\/05\/100_7312-726x544.jpg 726w, https:\/\/www.hospicjumcieszyn.pl\/wp-content\/uploads\/2013\/05\/100_7312.jpg 1024w\" sizes=\"(max-width: 180px) 100vw, 180px\" \/><\/a>\n\t\t\t<\/div><\/figure><figure class='gallery-item'>\n\t\t\t<div class='gallery-icon landscape'>\n\t\t\t\t<a href='https:\/\/www.hospicjumcieszyn.pl\/de\/100_7313\/'><img loading=\"lazy\" decoding=\"async\" width=\"180\" height=\"135\" src=\"https:\/\/www.hospicjumcieszyn.pl\/wp-content\/uploads\/2013\/05\/100_7313-180x135.jpg\" class=\"attachment-thumbnail size-thumbnail\" alt=\"\" srcset=\"https:\/\/www.hospicjumcieszyn.pl\/wp-content\/uploads\/2013\/05\/100_7313-180x135.jpg 180w, https:\/\/www.hospicjumcieszyn.pl\/wp-content\/uploads\/2013\/05\/100_7313-363x272.jpg 363w, https:\/\/www.hospicjumcieszyn.pl\/wp-content\/uploads\/2013\/05\/100_7313-726x544.jpg 726w, https:\/\/www.hospicjumcieszyn.pl\/wp-content\/uploads\/2013\/05\/100_7313.jpg 1024w\" sizes=\"(max-width: 180px) 100vw, 180px\" \/><\/a>\n\t\t\t<\/div><\/figure><figure class='gallery-item'>\n\t\t\t<div class='gallery-icon landscape'>\n\t\t\t\t<a href='https:\/\/www.hospicjumcieszyn.pl\/de\/100_7314\/'><img loading=\"lazy\" decoding=\"async\" width=\"180\" height=\"135\" src=\"https:\/\/www.hospicjumcieszyn.pl\/wp-content\/uploads\/2013\/05\/100_7314-180x135.jpg\" class=\"attachment-thumbnail size-thumbnail\" alt=\"\" srcset=\"https:\/\/www.hospicjumcieszyn.pl\/wp-content\/uploads\/2013\/05\/100_7314-180x135.jpg 180w, https:\/\/www.hospicjumcieszyn.pl\/wp-content\/uploads\/2013\/05\/100_7314-363x272.jpg 363w, https:\/\/www.hospicjumcieszyn.pl\/wp-content\/uploads\/2013\/05\/100_7314-726x544.jpg 726w, https:\/\/www.hospicjumcieszyn.pl\/wp-content\/uploads\/2013\/05\/100_7314.jpg 1024w\" sizes=\"(max-width: 180px) 100vw, 180px\" \/><\/a>\n\t\t\t<\/div><\/figure><figure class='gallery-item'>\n\t\t\t<div class='gallery-icon landscape'>\n\t\t\t\t<a href='https:\/\/www.hospicjumcieszyn.pl\/de\/100_7315\/'><img loading=\"lazy\" decoding=\"async\" width=\"180\" height=\"135\" src=\"https:\/\/www.hospicjumcieszyn.pl\/wp-content\/uploads\/2013\/05\/100_7315-180x135.jpg\" class=\"attachment-thumbnail size-thumbnail\" alt=\"\" srcset=\"https:\/\/www.hospicjumcieszyn.pl\/wp-content\/uploads\/2013\/05\/100_7315-180x135.jpg 180w, https:\/\/www.hospicjumcieszyn.pl\/wp-content\/uploads\/2013\/05\/100_7315-363x272.jpg 363w, https:\/\/www.hospicjumcieszyn.pl\/wp-content\/uploads\/2013\/05\/100_7315-726x544.jpg 726w, https:\/\/www.hospicjumcieszyn.pl\/wp-content\/uploads\/2013\/05\/100_7315.jpg 1024w\" sizes=\"(max-width: 180px) 100vw, 180px\" \/><\/a>\n\t\t\t<\/div><\/figure><figure class='gallery-item'>\n\t\t\t<div class='gallery-icon landscape'>\n\t\t\t\t<a href='https:\/\/www.hospicjumcieszyn.pl\/de\/100_7316\/'><img loading=\"lazy\" decoding=\"async\" width=\"180\" height=\"135\" src=\"https:\/\/www.hospicjumcieszyn.pl\/wp-content\/uploads\/2013\/05\/100_7316-180x135.jpg\" class=\"attachment-thumbnail size-thumbnail\" alt=\"\" srcset=\"https:\/\/www.hospicjumcieszyn.pl\/wp-content\/uploads\/2013\/05\/100_7316-180x135.jpg 180w, https:\/\/www.hospicjumcieszyn.pl\/wp-content\/uploads\/2013\/05\/100_7316-363x272.jpg 363w, https:\/\/www.hospicjumcieszyn.pl\/wp-content\/uploads\/2013\/05\/100_7316-726x544.jpg 726w, https:\/\/www.hospicjumcieszyn.pl\/wp-content\/uploads\/2013\/05\/100_7316.jpg 1024w\" sizes=\"(max-width: 180px) 100vw, 180px\" \/><\/a>\n\t\t\t<\/div><\/figure><figure class='gallery-item'>\n\t\t\t<div class='gallery-icon landscape'>\n\t\t\t\t<a href='https:\/\/www.hospicjumcieszyn.pl\/de\/100_7317\/'><img loading=\"lazy\" decoding=\"async\" width=\"180\" height=\"135\" src=\"https:\/\/www.hospicjumcieszyn.pl\/wp-content\/uploads\/2013\/05\/100_7317-180x135.jpg\" class=\"attachment-thumbnail size-thumbnail\" alt=\"\" srcset=\"https:\/\/www.hospicjumcieszyn.pl\/wp-content\/uploads\/2013\/05\/100_7317-180x135.jpg 180w, https:\/\/www.hospicjumcieszyn.pl\/wp-content\/uploads\/2013\/05\/100_7317-363x272.jpg 363w, https:\/\/www.hospicjumcieszyn.pl\/wp-content\/uploads\/2013\/05\/100_7317-726x544.jpg 726w, https:\/\/www.hospicjumcieszyn.pl\/wp-content\/uploads\/2013\/05\/100_7317.jpg 1024w\" sizes=\"(max-width: 180px) 100vw, 180px\" \/><\/a>\n\t\t\t<\/div><\/figure>\n\t\t<\/div>\n\n<p style=\"text-align: justify;\">\n","protected":false},"excerpt":{"rendered":"<p>Wraz z pojawieniem si\u0119 nieco sp\u00f3\u017anionej w tym roku wiosny, ruszy\u0142y dzia\u0142ania\u00a0w ramach og\u00f3lnopolskiej kampanii hospicyjnej Pola Nadziei, w kt\u00f3rej nasze Hospicjum\u00a0uczestniczy ju\u017c po raz drugi. Inauguracji tegorocznej edycji dokona\u0142y &#8230;\u017conkile, kt\u00f3re\u00a0pi\u0119knie rozkwit\u0142y wraz z pierwszymi promieniami wiosennego s\u0142o\u0144ca, na przek\u00f3r\u00a0przyd\u0142ugiej zimie, na naszych \u017conkilowych polach, obsadzonych jesieni\u0105. Czym pr\u0119dzej\u00a0do\u0142\u0105czyli\u015bmy do \u017conkili, organizuj\u0105c konkurs plastyczny &#8230; <a title=\"\u017bonkilowy konkurs rozstrzygni\u0119ty\" class=\"read-more\" href=\"https:\/\/www.hospicjumcieszyn.pl\/de\/zonkilowy-konkurs-rozstrzygniety\/\" aria-label=\"Mehr dazu unter \u017bonkilowy konkurs rozstrzygni\u0119ty\">Weiterlesen<\/a><\/p>\n","protected":false},"author":1,"featured_media":0,"comment_status":"closed","ping_status":"closed","sticky":false,"template":"","format":"standard","meta":{"footnotes":""},"categories":[8],"tags":[],"acf":[],"_links":{"self":[{"href":"https:\/\/www.hospicjumcieszyn.pl\/de\/wp-json\/wp\/v2\/posts\/473"}],"collection":[{"href":"https:\/\/www.hospicjumcieszyn.pl\/de\/wp-json\/wp\/v2\/posts"}],"about":[{"href":"https:\/\/www.hospicjumcieszyn.pl\/de\/wp-json\/wp\/v2\/types\/post"}],"author":[{"embeddable":true,"href":"https:\/\/www.hospicjumcieszyn.pl\/de\/wp-json\/wp\/v2\/users\/1"}],"replies":[{"embeddable":true,"href":"https:\/\/www.hospicjumcieszyn.pl\/de\/wp-json\/wp\/v2\/comments?post=473"}],"version-history":[{"count":4,"href":"https:\/\/www.hospicjumcieszyn.pl\/de\/wp-json\/wp\/v2\/posts\/473\/revisions"}],"predecessor-version":[{"id":736,"href":"https:\/\/www.hospicjumcieszyn.pl\/de\/wp-json\/wp\/v2\/posts\/473\/revisions\/736"}],"wp:attachment":[{"href":"https:\/\/www.hospicjumcieszyn.pl\/de\/wp-json\/wp\/v2\/media?parent=473"}],"wp:term":[{"taxonomy":"category","embeddable":true,"href":"https:\/\/www.hospicjumcieszyn.pl\/de\/wp-json\/wp\/v2\/categories?post=473"},{"taxonomy":"post_tag","embeddable":true,"href":"https:\/\/www.hospicjumcieszyn.pl\/de\/wp-json\/wp\/v2\/tags?post=473"}],"curies":[{"name":"wp","href":"https:\/\/api.w.org\/{rel}","templated":true}]}}