{"id":5115,"date":"2020-08-31T22:42:55","date_gmt":"2020-08-31T20:42:55","guid":{"rendered":"https:\/\/www.hospicjumcieszyn.pl\/?p=5115"},"modified":"2020-08-31T22:42:55","modified_gmt":"2020-08-31T20:42:55","slug":"dzialalnosc-hospicjum","status":"publish","type":"post","link":"https:\/\/www.hospicjumcieszyn.pl\/de\/dzialalnosc-hospicjum\/","title":{"rendered":"Dzia\u0142alno\u015b\u0107 Hospicjum"},"content":{"rendered":"<div>Od dnia 1 wrze\u015bnia 2020 r. Hospicjum im. \u0141ukasza Ewangelisty wznawia swoj\u0105 dzia\u0142alno\u015b\u0107 na terenie miasta Cieszyna w zakresie:<\/div>\n<ul>\n<li>dy\u017cury biura hospicjum: 15.30-16.30, ul.W\u0105ska 2a (prosimy zachowa\u0107 wszystkie wskazania sanitarne: maseczki oraz przebywanie na terenie biura jednej osoby zainteresowanej pomoc\u0105)<\/li>\n<li>teleporady w godzinach pracy biura, za\u015b wszelka inna pomoc b\u0119dzie \u015bwiadczona w zale\u017cno\u015bci od mo\u017cliwo\u015bci bie\u017c\u0105cych zespo\u0142u hospicyjnego<\/li>\n<li>dzia\u0142alno\u015b\u0107 magazynu sprz\u0119tu hospicyjnego na terenie Powiatu Cieszy\u0144skiego &#8211; po wcze\u015bniejszym ustaleniu telefonicznym (33 8514 514 lub 691771892)<\/li>\n<\/ul>\n","protected":false},"excerpt":{"rendered":"<p>Od dnia 1 wrze\u015bnia 2020 r. Hospicjum im. \u0141ukasza Ewangelisty wznawia swoj\u0105 dzia\u0142alno\u015b\u0107 na terenie miasta Cieszyna w zakresie: dy\u017cury biura hospicjum: 15.30-16.30, ul.W\u0105ska 2a (prosimy zachowa\u0107 wszystkie wskazania sanitarne: maseczki oraz przebywanie na terenie biura jednej osoby zainteresowanej pomoc\u0105) teleporady w godzinach pracy biura, za\u015b wszelka inna pomoc b\u0119dzie \u015bwiadczona w zale\u017cno\u015bci od mo\u017cliwo\u015bci &#8230; <a title=\"Dzia\u0142alno\u015b\u0107 Hospicjum\" class=\"read-more\" href=\"https:\/\/www.hospicjumcieszyn.pl\/de\/dzialalnosc-hospicjum\/\" aria-label=\"Mehr dazu unter Dzia\u0142alno\u015b\u0107 Hospicjum\">Weiterlesen<\/a><\/p>\n","protected":false},"author":1,"featured_media":0,"comment_status":"closed","ping_status":"closed","sticky":false,"template":"","format":"standard","meta":{"footnotes":""},"categories":[1],"tags":[],"acf":[],"_links":{"self":[{"href":"https:\/\/www.hospicjumcieszyn.pl\/de\/wp-json\/wp\/v2\/posts\/5115"}],"collection":[{"href":"https:\/\/www.hospicjumcieszyn.pl\/de\/wp-json\/wp\/v2\/posts"}],"about":[{"href":"https:\/\/www.hospicjumcieszyn.pl\/de\/wp-json\/wp\/v2\/types\/post"}],"author":[{"embeddable":true,"href":"https:\/\/www.hospicjumcieszyn.pl\/de\/wp-json\/wp\/v2\/users\/1"}],"replies":[{"embeddable":true,"href":"https:\/\/www.hospicjumcieszyn.pl\/de\/wp-json\/wp\/v2\/comments?post=5115"}],"version-history":[{"count":1,"href":"https:\/\/www.hospicjumcieszyn.pl\/de\/wp-json\/wp\/v2\/posts\/5115\/revisions"}],"predecessor-version":[{"id":5116,"href":"https:\/\/www.hospicjumcieszyn.pl\/de\/wp-json\/wp\/v2\/posts\/5115\/revisions\/5116"}],"wp:attachment":[{"href":"https:\/\/www.hospicjumcieszyn.pl\/de\/wp-json\/wp\/v2\/media?parent=5115"}],"wp:term":[{"taxonomy":"category","embeddable":true,"href":"https:\/\/www.hospicjumcieszyn.pl\/de\/wp-json\/wp\/v2\/categories?post=5115"},{"taxonomy":"post_tag","embeddable":true,"href":"https:\/\/www.hospicjumcieszyn.pl\/de\/wp-json\/wp\/v2\/tags?post=5115"}],"curies":[{"name":"wp","href":"https:\/\/api.w.org\/{rel}","templated":true}]}}