{"id":5470,"date":"2022-01-04T20:49:49","date_gmt":"2022-01-04T19:49:49","guid":{"rendered":"https:\/\/www.hospicjumcieszyn.pl\/?p=5470"},"modified":"2022-01-04T21:57:45","modified_gmt":"2022-01-04T20:57:45","slug":"podsumowanie-roku","status":"publish","type":"post","link":"https:\/\/www.hospicjumcieszyn.pl\/de\/podsumowanie-roku\/","title":{"rendered":"Podsumowanie roku"},"content":{"rendered":"\n<p>Kolejny rok pos\u0142ugi w Hospicjum za nami. Rok, za kt\u00f3ry z ca\u0142ego serca dzi\u0119kujemy.<\/p>\n\n\n\n<figure class=\"wp-block-image size-large\"><img loading=\"lazy\" decoding=\"async\" width=\"726\" height=\"726\" src=\"https:\/\/www.hospicjumcieszyn.pl\/wp-content\/uploads\/2022\/01\/podsumowanie-fb-1-726x726.jpg\" alt=\"\" class=\"wp-image-5471\" srcset=\"https:\/\/www.hospicjumcieszyn.pl\/wp-content\/uploads\/2022\/01\/podsumowanie-fb-1-726x726.jpg 726w, https:\/\/www.hospicjumcieszyn.pl\/wp-content\/uploads\/2022\/01\/podsumowanie-fb-1-363x363.jpg 363w, https:\/\/www.hospicjumcieszyn.pl\/wp-content\/uploads\/2022\/01\/podsumowanie-fb-1-180x180.jpg 180w, https:\/\/www.hospicjumcieszyn.pl\/wp-content\/uploads\/2022\/01\/podsumowanie-fb-1-768x768.jpg 768w, https:\/\/www.hospicjumcieszyn.pl\/wp-content\/uploads\/2022\/01\/podsumowanie-fb-1.jpg 1080w\" sizes=\"(max-width: 726px) 100vw, 726px\" \/><\/figure>\n\n\n\n<p>&nbsp;Jaki by\u0142 2021? Z pewno\u015bci\u0105 by\u0142 rokiem zmian. Podzi\u0119kowali\u015bmy p. Dorocie Kania za 9 lat pracy na stanowisku prezesa i powitali\u015bmy now\u0105 pani\u0105 prezes Joann\u0119 Piotrowsk\u0105-Cie\u015blar i wiceprezes p. Joann\u0119 Sobiesk\u0105-Skoneczny.<\/p>\n\n\n\n<p>Prze\u017cywali\u015bmy zar\u00f3wno chwile rado\u015bci jak i smutku.<\/p>\n\n\n\n<p>Z ogromnym b\u00f3lem w marcu&nbsp; przyj\u0119li\u015bmy wiadomo\u015b\u0107 o \u015bmierci naszej wolontariuszki p. Urszuli Skupie\u0144. To dla nas wielka strata. Ula by\u0142a do\u015bwiadczon\u0105 piel\u0119gniark\u0105, swoj\u0105 pomoc\u0105 otacza\u0142a chorych i rodziny b\u0119d\u0105cych pod opiek\u0105 Hospicjum.<\/p>\n\n\n\n<p>W 2021 r. opiekowali\u015bmy si\u0119 52 pacjentami. Opr\u00f3cz tego 17 os\u00f3b skorzysta\u0142o z innych form pomocy np. dojazd do o\u015brodk\u00f3w leczenia, terapii, wizyt u specjalist\u00f3w, zakupu lek\u00f3w i innych \u015brodk\u00f3w medycznych. Nadal pod opiek\u0105 pozostaje 12 pacjent\u00f3w.&nbsp;<\/p>\n\n\n\n<p>Odby\u0142y si\u0119 r\u00f3wnie\u017c spotkania z Rodzinami Osieroconymi. Z okazji Dnia Opiekuna Osoby Chorej, w kinie na filmie &#8220;Fatima&#8221;, z harcerzami w Hufcu Ziemi Cieszy\u0144skiej, a tak\u017ce na warsztatach pieczenia ciasteczek na Zamku w Cieszynie.<\/p>\n\n\n\n<p>Opiekowali\u015bmy si\u0119 12 Dzie\u0107mi Osieroconymi, dla kt\u00f3rych z okazji Dnia Dziecka i Miko\u0142aja przygotowali\u015bmy prezenty. Niestety do skutku nie dosz\u0142a wycieczka i warsztaty makramy. Wierzymy jednak, \u017ce w przysz\u0142ym roku b\u0119dzie do tego okazja.<\/p>\n\n\n\n<p>Z powodu pandemii nie uda\u0142o si\u0119 zorganizowa\u0107 Koncertu Walentynkowego,. Natomiast dzi\u0119ki zrzutce zorganizowanej przez Liceum im. M. Kopernika mogli\u015bmy zakupi\u0107 dwa koncentratory tlenu, kt\u00f3re wypo\u017cyczamy osobom niechoruj\u0105cym na nowotwory. Kwota uzyskana z zrzutki to 4433 z\u0142.<\/p>\n\n\n\n<p>Od 2010 r. jeste\u015bmy organizacj\u0105 po\u017cytku publicznego i jak co roku serdecznie dzi\u0119kujemy Wszystkim, kt\u00f3rzy przekazali 1% swojego podatku na rzecz Hospicjum. W zesz\u0142ym roku otrzymali\u015bmy 52221,38 z\u0142. Jeste\u015bcie wspaniali. Dla naszego Stowarzyszenia, kt\u00f3re dzia\u0142a charytatywnie 1% przekazanego podatku jest g\u0142\u00f3wnym \u017ar\u00f3d\u0142em finansowania. Dzi\u0119ki 1% mamy \u015brodki na swoj\u0105 dzia\u0142alno\u015b\u0107&nbsp; na nast\u0119pny rok.<\/p>\n\n\n\n<p>W roku 2021 zorganizowano VI Cieszy\u0144sk\u0105 Godzin\u00f3wk\u0119 pami\u0119ci Beaty \u015aliwka. Ca\u0142y doch\u00f3d z tej akcji czyli a\u017c 5051,78 z\u0142 i 130 kc zosta\u0142 przekazany dla naszego Hospicjum. Jeste\u015bmy mile zaskoczeni i jeszcze raz bardzo serdecznie dzi\u0119kujemy organizatorom, wolontariuszom, sponsorom i biegaczom.<\/p>\n\n\n\n<p>Jesieni\u0105 sukcesem rozpocz\u0119\u0142a si\u0119 kolejna edycja akcji Pola Nadziei- kampanii maj\u0105cej na celu propagowanie w\u015br\u00f3d dzieci i m\u0142odzie\u017cy bezinteresownej pomocy chorym. W Cieszynie, w powiecie cieszy\u0144skim (Skocz\u00f3w, Marklowice, Zamarski, Ogrodzona, Zaborze), a nawet poza granicami kraju (G\u00f3rna Sucha na Zaolziu) uda\u0142o si\u0119 utworzy\u0107 27 p\u00f3l. Z ka\u017cdym rokiem przybywa miejsc, w kt\u00f3rych wiosn\u0105 zakwitnie nadzieja. Dzi\u0119kujemy!<\/p>\n\n\n\n<p>Dzi\u0119kujemy za ka\u017cdy datek, wsparcie, u\u015bmiech, dobre s\u0142owo kierowane do naszych wolontariuszy. To bardzo du\u017co dla nas znaczy. Dzi\u0119kujemy za ten pi\u0119kny rok!<\/p>\n","protected":false},"excerpt":{"rendered":"<p>Kolejny rok pos\u0142ugi w Hospicjum za nami. Rok, za kt\u00f3ry z ca\u0142ego serca dzi\u0119kujemy. &nbsp;Jaki by\u0142 2021? Z pewno\u015bci\u0105 by\u0142 rokiem zmian. Podzi\u0119kowali\u015bmy p. Dorocie Kania za 9 lat pracy na stanowisku prezesa i powitali\u015bmy now\u0105 pani\u0105 prezes Joann\u0119 Piotrowsk\u0105-Cie\u015blar i wiceprezes p. Joann\u0119 Sobiesk\u0105-Skoneczny. Prze\u017cywali\u015bmy zar\u00f3wno chwile rado\u015bci jak i smutku. Z ogromnym b\u00f3lem &#8230; <a title=\"Podsumowanie roku\" class=\"read-more\" href=\"https:\/\/www.hospicjumcieszyn.pl\/de\/podsumowanie-roku\/\" aria-label=\"Mehr dazu unter Podsumowanie roku\">Weiterlesen<\/a><\/p>\n","protected":false},"author":5,"featured_media":0,"comment_status":"closed","ping_status":"closed","sticky":false,"template":"","format":"standard","meta":{"footnotes":""},"categories":[1],"tags":[],"acf":[],"_links":{"self":[{"href":"https:\/\/www.hospicjumcieszyn.pl\/de\/wp-json\/wp\/v2\/posts\/5470"}],"collection":[{"href":"https:\/\/www.hospicjumcieszyn.pl\/de\/wp-json\/wp\/v2\/posts"}],"about":[{"href":"https:\/\/www.hospicjumcieszyn.pl\/de\/wp-json\/wp\/v2\/types\/post"}],"author":[{"embeddable":true,"href":"https:\/\/www.hospicjumcieszyn.pl\/de\/wp-json\/wp\/v2\/users\/5"}],"replies":[{"embeddable":true,"href":"https:\/\/www.hospicjumcieszyn.pl\/de\/wp-json\/wp\/v2\/comments?post=5470"}],"version-history":[{"count":2,"href":"https:\/\/www.hospicjumcieszyn.pl\/de\/wp-json\/wp\/v2\/posts\/5470\/revisions"}],"predecessor-version":[{"id":5474,"href":"https:\/\/www.hospicjumcieszyn.pl\/de\/wp-json\/wp\/v2\/posts\/5470\/revisions\/5474"}],"wp:attachment":[{"href":"https:\/\/www.hospicjumcieszyn.pl\/de\/wp-json\/wp\/v2\/media?parent=5470"}],"wp:term":[{"taxonomy":"category","embeddable":true,"href":"https:\/\/www.hospicjumcieszyn.pl\/de\/wp-json\/wp\/v2\/categories?post=5470"},{"taxonomy":"post_tag","embeddable":true,"href":"https:\/\/www.hospicjumcieszyn.pl\/de\/wp-json\/wp\/v2\/tags?post=5470"}],"curies":[{"name":"wp","href":"https:\/\/api.w.org\/{rel}","templated":true}]}}