{"id":550,"date":"2013-05-24T17:48:56","date_gmt":"2013-05-24T15:48:56","guid":{"rendered":"https:\/\/www.hospicjumcieszyn.pl\/?p=550"},"modified":"2013-05-26T22:49:31","modified_gmt":"2013-05-26T20:49:31","slug":"graficznie-zaangazowani","status":"publish","type":"post","link":"https:\/\/www.hospicjumcieszyn.pl\/de\/graficznie-zaangazowani\/","title":{"rendered":"Graficznie zaanga\u017cowani"},"content":{"rendered":"<p>Nasze Hospicjum zosta\u0142o zaproszone do udzia\u0142u w projekcie &#8220;GRAFICZNIE ZAANGA\u017bOWANI&#8221;, kt\u00f3ry odby\u0142 si\u0119 pomi\u0119dzy 13 a 17 maja w \u015al\u0105skim Zamku Sztuki i Przedsi\u0119biorczo\u015bci w Cieszynie.<\/p>\n<p style=\"text-align: justify;\">W ramach warsztat\u00f3w studenci z Polski, S\u0142owacji, Finlandii i W\u0119gier przygotowali po spotkaniu w lokalu na ul. W\u0105skiej r\u00f3\u017cne projekty m.in.: torby, kubki, koszulki, plakaty, pami\u0119tnik, tablice informacyjne. B\u0119dziemy je mogli wykorzysta\u0107 w najbli\u017cszym czasie, tym bardziej, \u017ce b\u0119dzie ku temu doskona\u0142a okazja &#8211; jubileusz XV -lecia Stowarzyszenia.<\/p>\n<div id='gallery-1' class='gallery galleryid-550 gallery-columns-3 gallery-size-thumbnail'><figure class='gallery-item'>\n\t\t\t<div class='gallery-icon landscape'>\n\t\t\t\t<a href='https:\/\/www.hospicjumcieszyn.pl\/de\/100_7432\/'><img loading=\"lazy\" decoding=\"async\" width=\"180\" height=\"135\" src=\"https:\/\/www.hospicjumcieszyn.pl\/wp-content\/uploads\/2013\/05\/100_7432-180x135.jpg\" class=\"attachment-thumbnail size-thumbnail\" alt=\"\" srcset=\"https:\/\/www.hospicjumcieszyn.pl\/wp-content\/uploads\/2013\/05\/100_7432-180x135.jpg 180w, https:\/\/www.hospicjumcieszyn.pl\/wp-content\/uploads\/2013\/05\/100_7432-363x272.jpg 363w, https:\/\/www.hospicjumcieszyn.pl\/wp-content\/uploads\/2013\/05\/100_7432-726x544.jpg 726w, https:\/\/www.hospicjumcieszyn.pl\/wp-content\/uploads\/2013\/05\/100_7432.jpg 1024w\" sizes=\"(max-width: 180px) 100vw, 180px\" \/><\/a>\n\t\t\t<\/div><\/figure><figure class='gallery-item'>\n\t\t\t<div class='gallery-icon landscape'>\n\t\t\t\t<a href='https:\/\/www.hospicjumcieszyn.pl\/de\/100_7425\/'><img loading=\"lazy\" decoding=\"async\" width=\"180\" height=\"135\" src=\"https:\/\/www.hospicjumcieszyn.pl\/wp-content\/uploads\/2013\/05\/100_7425-180x135.jpg\" class=\"attachment-thumbnail size-thumbnail\" alt=\"\" srcset=\"https:\/\/www.hospicjumcieszyn.pl\/wp-content\/uploads\/2013\/05\/100_7425-180x135.jpg 180w, https:\/\/www.hospicjumcieszyn.pl\/wp-content\/uploads\/2013\/05\/100_7425-363x272.jpg 363w, https:\/\/www.hospicjumcieszyn.pl\/wp-content\/uploads\/2013\/05\/100_7425-726x544.jpg 726w, https:\/\/www.hospicjumcieszyn.pl\/wp-content\/uploads\/2013\/05\/100_7425.jpg 1024w\" sizes=\"(max-width: 180px) 100vw, 180px\" \/><\/a>\n\t\t\t<\/div><\/figure><figure class='gallery-item'>\n\t\t\t<div class='gallery-icon landscape'>\n\t\t\t\t<a href='https:\/\/www.hospicjumcieszyn.pl\/de\/100_7426\/'><img loading=\"lazy\" decoding=\"async\" width=\"180\" height=\"135\" src=\"https:\/\/www.hospicjumcieszyn.pl\/wp-content\/uploads\/2013\/05\/100_7426-180x135.jpg\" class=\"attachment-thumbnail size-thumbnail\" alt=\"\" srcset=\"https:\/\/www.hospicjumcieszyn.pl\/wp-content\/uploads\/2013\/05\/100_7426-180x135.jpg 180w, https:\/\/www.hospicjumcieszyn.pl\/wp-content\/uploads\/2013\/05\/100_7426-363x272.jpg 363w, https:\/\/www.hospicjumcieszyn.pl\/wp-content\/uploads\/2013\/05\/100_7426-726x544.jpg 726w, https:\/\/www.hospicjumcieszyn.pl\/wp-content\/uploads\/2013\/05\/100_7426.jpg 1024w\" sizes=\"(max-width: 180px) 100vw, 180px\" \/><\/a>\n\t\t\t<\/div><\/figure><figure class='gallery-item'>\n\t\t\t<div class='gallery-icon landscape'>\n\t\t\t\t<a href='https:\/\/www.hospicjumcieszyn.pl\/de\/100_7427\/'><img loading=\"lazy\" decoding=\"async\" width=\"180\" height=\"135\" src=\"https:\/\/www.hospicjumcieszyn.pl\/wp-content\/uploads\/2013\/05\/100_7427-180x135.jpg\" class=\"attachment-thumbnail size-thumbnail\" alt=\"\" srcset=\"https:\/\/www.hospicjumcieszyn.pl\/wp-content\/uploads\/2013\/05\/100_7427-180x135.jpg 180w, https:\/\/www.hospicjumcieszyn.pl\/wp-content\/uploads\/2013\/05\/100_7427-363x272.jpg 363w, https:\/\/www.hospicjumcieszyn.pl\/wp-content\/uploads\/2013\/05\/100_7427-726x544.jpg 726w, https:\/\/www.hospicjumcieszyn.pl\/wp-content\/uploads\/2013\/05\/100_7427.jpg 1024w\" sizes=\"(max-width: 180px) 100vw, 180px\" \/><\/a>\n\t\t\t<\/div><\/figure><figure class='gallery-item'>\n\t\t\t<div class='gallery-icon landscape'>\n\t\t\t\t<a href='https:\/\/www.hospicjumcieszyn.pl\/de\/100_7428\/'><img loading=\"lazy\" decoding=\"async\" width=\"180\" height=\"135\" src=\"https:\/\/www.hospicjumcieszyn.pl\/wp-content\/uploads\/2013\/05\/100_7428-180x135.jpg\" class=\"attachment-thumbnail size-thumbnail\" alt=\"\" srcset=\"https:\/\/www.hospicjumcieszyn.pl\/wp-content\/uploads\/2013\/05\/100_7428-180x135.jpg 180w, https:\/\/www.hospicjumcieszyn.pl\/wp-content\/uploads\/2013\/05\/100_7428-363x272.jpg 363w, https:\/\/www.hospicjumcieszyn.pl\/wp-content\/uploads\/2013\/05\/100_7428-726x544.jpg 726w, https:\/\/www.hospicjumcieszyn.pl\/wp-content\/uploads\/2013\/05\/100_7428.jpg 1024w\" sizes=\"(max-width: 180px) 100vw, 180px\" \/><\/a>\n\t\t\t<\/div><\/figure><figure class='gallery-item'>\n\t\t\t<div class='gallery-icon landscape'>\n\t\t\t\t<a href='https:\/\/www.hospicjumcieszyn.pl\/de\/100_7429\/'><img loading=\"lazy\" decoding=\"async\" width=\"180\" height=\"135\" src=\"https:\/\/www.hospicjumcieszyn.pl\/wp-content\/uploads\/2013\/05\/100_7429-180x135.jpg\" class=\"attachment-thumbnail size-thumbnail\" alt=\"\" srcset=\"https:\/\/www.hospicjumcieszyn.pl\/wp-content\/uploads\/2013\/05\/100_7429-180x135.jpg 180w, https:\/\/www.hospicjumcieszyn.pl\/wp-content\/uploads\/2013\/05\/100_7429-363x272.jpg 363w, https:\/\/www.hospicjumcieszyn.pl\/wp-content\/uploads\/2013\/05\/100_7429-726x544.jpg 726w, https:\/\/www.hospicjumcieszyn.pl\/wp-content\/uploads\/2013\/05\/100_7429.jpg 1024w\" sizes=\"(max-width: 180px) 100vw, 180px\" \/><\/a>\n\t\t\t<\/div><\/figure><figure class='gallery-item'>\n\t\t\t<div class='gallery-icon landscape'>\n\t\t\t\t<a href='https:\/\/www.hospicjumcieszyn.pl\/de\/100_7430\/'><img loading=\"lazy\" decoding=\"async\" width=\"180\" height=\"135\" src=\"https:\/\/www.hospicjumcieszyn.pl\/wp-content\/uploads\/2013\/05\/100_7430-180x135.jpg\" class=\"attachment-thumbnail size-thumbnail\" alt=\"\" srcset=\"https:\/\/www.hospicjumcieszyn.pl\/wp-content\/uploads\/2013\/05\/100_7430-180x135.jpg 180w, https:\/\/www.hospicjumcieszyn.pl\/wp-content\/uploads\/2013\/05\/100_7430-363x272.jpg 363w, https:\/\/www.hospicjumcieszyn.pl\/wp-content\/uploads\/2013\/05\/100_7430-726x544.jpg 726w, https:\/\/www.hospicjumcieszyn.pl\/wp-content\/uploads\/2013\/05\/100_7430.jpg 1024w\" sizes=\"(max-width: 180px) 100vw, 180px\" \/><\/a>\n\t\t\t<\/div><\/figure><figure class='gallery-item'>\n\t\t\t<div class='gallery-icon landscape'>\n\t\t\t\t<a href='https:\/\/www.hospicjumcieszyn.pl\/de\/100_7431\/'><img loading=\"lazy\" decoding=\"async\" width=\"180\" height=\"135\" src=\"https:\/\/www.hospicjumcieszyn.pl\/wp-content\/uploads\/2013\/05\/100_7431-180x135.jpg\" class=\"attachment-thumbnail size-thumbnail\" alt=\"\" srcset=\"https:\/\/www.hospicjumcieszyn.pl\/wp-content\/uploads\/2013\/05\/100_7431-180x135.jpg 180w, https:\/\/www.hospicjumcieszyn.pl\/wp-content\/uploads\/2013\/05\/100_7431-363x272.jpg 363w, https:\/\/www.hospicjumcieszyn.pl\/wp-content\/uploads\/2013\/05\/100_7431-726x544.jpg 726w, https:\/\/www.hospicjumcieszyn.pl\/wp-content\/uploads\/2013\/05\/100_7431.jpg 1024w\" sizes=\"(max-width: 180px) 100vw, 180px\" \/><\/a>\n\t\t\t<\/div><\/figure>\n\t\t<\/div>\n\n","protected":false},"excerpt":{"rendered":"<p>Nasze Hospicjum zosta\u0142o zaproszone do udzia\u0142u w projekcie &#8220;GRAFICZNIE ZAANGA\u017bOWANI&#8221;, kt\u00f3ry odby\u0142 si\u0119 pomi\u0119dzy 13 a 17 maja w \u015al\u0105skim Zamku Sztuki i Przedsi\u0119biorczo\u015bci w Cieszynie. W ramach warsztat\u00f3w studenci z Polski, S\u0142owacji, Finlandii i W\u0119gier przygotowali po spotkaniu w lokalu na ul. W\u0105skiej r\u00f3\u017cne projekty m.in.: torby, kubki, koszulki, plakaty, pami\u0119tnik, tablice informacyjne. B\u0119dziemy &#8230; <a title=\"Graficznie zaanga\u017cowani\" class=\"read-more\" href=\"https:\/\/www.hospicjumcieszyn.pl\/de\/graficznie-zaangazowani\/\" aria-label=\"Mehr dazu unter Graficznie zaanga\u017cowani\">Weiterlesen<\/a><\/p>\n","protected":false},"author":4,"featured_media":0,"comment_status":"closed","ping_status":"closed","sticky":false,"template":"","format":"standard","meta":{"footnotes":""},"categories":[1],"tags":[],"acf":[],"_links":{"self":[{"href":"https:\/\/www.hospicjumcieszyn.pl\/de\/wp-json\/wp\/v2\/posts\/550"}],"collection":[{"href":"https:\/\/www.hospicjumcieszyn.pl\/de\/wp-json\/wp\/v2\/posts"}],"about":[{"href":"https:\/\/www.hospicjumcieszyn.pl\/de\/wp-json\/wp\/v2\/types\/post"}],"author":[{"embeddable":true,"href":"https:\/\/www.hospicjumcieszyn.pl\/de\/wp-json\/wp\/v2\/users\/4"}],"replies":[{"embeddable":true,"href":"https:\/\/www.hospicjumcieszyn.pl\/de\/wp-json\/wp\/v2\/comments?post=550"}],"version-history":[{"count":4,"href":"https:\/\/www.hospicjumcieszyn.pl\/de\/wp-json\/wp\/v2\/posts\/550\/revisions"}],"predecessor-version":[{"id":557,"href":"https:\/\/www.hospicjumcieszyn.pl\/de\/wp-json\/wp\/v2\/posts\/550\/revisions\/557"}],"wp:attachment":[{"href":"https:\/\/www.hospicjumcieszyn.pl\/de\/wp-json\/wp\/v2\/media?parent=550"}],"wp:term":[{"taxonomy":"category","embeddable":true,"href":"https:\/\/www.hospicjumcieszyn.pl\/de\/wp-json\/wp\/v2\/categories?post=550"},{"taxonomy":"post_tag","embeddable":true,"href":"https:\/\/www.hospicjumcieszyn.pl\/de\/wp-json\/wp\/v2\/tags?post=550"}],"curies":[{"name":"wp","href":"https:\/\/api.w.org\/{rel}","templated":true}]}}