{"id":7113,"date":"2022-06-15T15:37:51","date_gmt":"2022-06-15T13:37:51","guid":{"rendered":"https:\/\/www.hospicjumcieszyn.pl\/?p=7113"},"modified":"2022-06-15T15:37:53","modified_gmt":"2022-06-15T13:37:53","slug":"x-maraton-plywacki","status":"publish","type":"post","link":"https:\/\/www.hospicjumcieszyn.pl\/de\/x-maraton-plywacki\/","title":{"rendered":"X Maraton p\u0142ywacki"},"content":{"rendered":"\n<p>Po dwu letniej przerwie wracamy do organizacji Maratonu P\u0142ywackiego, z czego bardzo si\u0119 cieszymy.  W\u00a0sobot\u0119 25 czerwca  od\u00a0 godz. 9.30  na\u00a0P\u0142ywalni przy Szkole Podstawowej nr\u00a04 odbywa\u0142 si\u0119 b\u0119dzie Maraton P\u0142ywacki na\u00a0rzecz dzieci osieroconych z\u00a0naszego Hospicjum.<\/p>\n\n\n\n<p>Zapraszamy wszystkich bardzo serdecznie! Przyprowad\u017acie rodzin\u0119, przyjaci\u00f3\u0142, s\u0105siad\u00f3w i\u00a0znajomych, kt\u00f3rzy\u00a0potrafi\u0105 przep\u0142yn\u0105\u0107 chocia\u017c jedn\u0105 d\u0142ugo\u015b\u0107 basenu. Nasz sponsor firma Diehl Metering Sp. z o.o. wp\u0142aci na\u00a0rzecz Stowarzyszenia kilkadziesi\u0105t groszy za\u00a0ka\u017cd\u0105 przep\u0142yni\u0119t\u0105 d\u0142ugo\u015b\u0107.<\/p>\n\n\n\n<figure class=\"wp-block-image size-large\"><img loading=\"lazy\" decoding=\"async\" width=\"494\" height=\"726\" src=\"https:\/\/www.hospicjumcieszyn.pl\/wp-content\/uploads\/2022\/06\/PLAKAT_hospicjum-2022-2-494x726.jpg\" alt=\"\" class=\"wp-image-7120\" srcset=\"https:\/\/www.hospicjumcieszyn.pl\/wp-content\/uploads\/2022\/06\/PLAKAT_hospicjum-2022-2-494x726.jpg 494w, https:\/\/www.hospicjumcieszyn.pl\/wp-content\/uploads\/2022\/06\/PLAKAT_hospicjum-2022-2-247x363.jpg 247w, https:\/\/www.hospicjumcieszyn.pl\/wp-content\/uploads\/2022\/06\/PLAKAT_hospicjum-2022-2-163x240.jpg 163w, https:\/\/www.hospicjumcieszyn.pl\/wp-content\/uploads\/2022\/06\/PLAKAT_hospicjum-2022-2-768x1128.jpg 768w, https:\/\/www.hospicjumcieszyn.pl\/wp-content\/uploads\/2022\/06\/PLAKAT_hospicjum-2022-2-1046x1536.jpg 1046w, https:\/\/www.hospicjumcieszyn.pl\/wp-content\/uploads\/2022\/06\/PLAKAT_hospicjum-2022-2.jpg 1307w\" sizes=\"(max-width: 494px) 100vw, 494px\" \/><\/figure>\n","protected":false},"excerpt":{"rendered":"<p>Po dwu letniej przerwie wracamy do organizacji Maratonu P\u0142ywackiego, z czego bardzo si\u0119 cieszymy. W\u00a0sobot\u0119 25 czerwca od\u00a0 godz. 9.30 na\u00a0P\u0142ywalni przy Szkole Podstawowej nr\u00a04 odbywa\u0142 si\u0119 b\u0119dzie Maraton P\u0142ywacki na\u00a0rzecz dzieci osieroconych z\u00a0naszego Hospicjum. Zapraszamy wszystkich bardzo serdecznie! Przyprowad\u017acie rodzin\u0119, przyjaci\u00f3\u0142, s\u0105siad\u00f3w i\u00a0znajomych, kt\u00f3rzy\u00a0potrafi\u0105 przep\u0142yn\u0105\u0107 chocia\u017c jedn\u0105 d\u0142ugo\u015b\u0107 basenu. Nasz sponsor firma Diehl Metering &#8230; <a title=\"X Maraton p\u0142ywacki\" class=\"read-more\" href=\"https:\/\/www.hospicjumcieszyn.pl\/de\/x-maraton-plywacki\/\" aria-label=\"Mehr dazu unter X Maraton p\u0142ywacki\">Weiterlesen<\/a><\/p>\n","protected":false},"author":5,"featured_media":7120,"comment_status":"closed","ping_status":"closed","sticky":false,"template":"","format":"standard","meta":{"footnotes":""},"categories":[3],"tags":[],"acf":[],"_links":{"self":[{"href":"https:\/\/www.hospicjumcieszyn.pl\/de\/wp-json\/wp\/v2\/posts\/7113"}],"collection":[{"href":"https:\/\/www.hospicjumcieszyn.pl\/de\/wp-json\/wp\/v2\/posts"}],"about":[{"href":"https:\/\/www.hospicjumcieszyn.pl\/de\/wp-json\/wp\/v2\/types\/post"}],"author":[{"embeddable":true,"href":"https:\/\/www.hospicjumcieszyn.pl\/de\/wp-json\/wp\/v2\/users\/5"}],"replies":[{"embeddable":true,"href":"https:\/\/www.hospicjumcieszyn.pl\/de\/wp-json\/wp\/v2\/comments?post=7113"}],"version-history":[{"count":1,"href":"https:\/\/www.hospicjumcieszyn.pl\/de\/wp-json\/wp\/v2\/posts\/7113\/revisions"}],"predecessor-version":[{"id":7123,"href":"https:\/\/www.hospicjumcieszyn.pl\/de\/wp-json\/wp\/v2\/posts\/7113\/revisions\/7123"}],"wp:featuredmedia":[{"embeddable":true,"href":"https:\/\/www.hospicjumcieszyn.pl\/de\/wp-json\/wp\/v2\/media\/7120"}],"wp:attachment":[{"href":"https:\/\/www.hospicjumcieszyn.pl\/de\/wp-json\/wp\/v2\/media?parent=7113"}],"wp:term":[{"taxonomy":"category","embeddable":true,"href":"https:\/\/www.hospicjumcieszyn.pl\/de\/wp-json\/wp\/v2\/categories?post=7113"},{"taxonomy":"post_tag","embeddable":true,"href":"https:\/\/www.hospicjumcieszyn.pl\/de\/wp-json\/wp\/v2\/tags?post=7113"}],"curies":[{"name":"wp","href":"https:\/\/api.w.org\/{rel}","templated":true}]}}