{"id":8228,"date":"2023-05-02T17:20:13","date_gmt":"2023-05-02T15:20:13","guid":{"rendered":"https:\/\/www.hospicjumcieszyn.pl\/?p=8228"},"modified":"2023-05-02T17:20:14","modified_gmt":"2023-05-02T15:20:14","slug":"zmiana-dyzuru-w-magazynie","status":"publish","type":"post","link":"https:\/\/www.hospicjumcieszyn.pl\/de\/zmiana-dyzuru-w-magazynie\/","title":{"rendered":"Zmiana dy\u017curu w magazynie"},"content":{"rendered":"\n<p> Informujemy, \u017ce\u00a0dnia 3 maja, tj.\u00a0\u015broda ze\u00a0wzgl\u0119du na\u00a0dzie\u0144 wolny (\u015bwi\u0119to) Hospicjum nie\u00a0prowadzi dy\u017curu w magazynie ul. Kasztanowa 8. Kolejny dy\u017cur odb\u0119dzie si\u0119 4 maja \u00a0w czwartek w godzinach 14.30-16.00.<\/p>\n","protected":false},"excerpt":{"rendered":"<p>Informujemy, \u017ce\u00a0dnia 3 maja, tj.\u00a0\u015broda ze\u00a0wzgl\u0119du na\u00a0dzie\u0144 wolny (\u015bwi\u0119to) Hospicjum nie\u00a0prowadzi dy\u017curu w magazynie ul. Kasztanowa 8. Kolejny dy\u017cur odb\u0119dzie si\u0119 4 maja \u00a0w czwartek w godzinach 14.30-16.00.<\/p>\n","protected":false},"author":5,"featured_media":0,"comment_status":"closed","ping_status":"closed","sticky":false,"template":"","format":"standard","meta":{"footnotes":""},"categories":[1],"tags":[],"acf":[],"_links":{"self":[{"href":"https:\/\/www.hospicjumcieszyn.pl\/de\/wp-json\/wp\/v2\/posts\/8228"}],"collection":[{"href":"https:\/\/www.hospicjumcieszyn.pl\/de\/wp-json\/wp\/v2\/posts"}],"about":[{"href":"https:\/\/www.hospicjumcieszyn.pl\/de\/wp-json\/wp\/v2\/types\/post"}],"author":[{"embeddable":true,"href":"https:\/\/www.hospicjumcieszyn.pl\/de\/wp-json\/wp\/v2\/users\/5"}],"replies":[{"embeddable":true,"href":"https:\/\/www.hospicjumcieszyn.pl\/de\/wp-json\/wp\/v2\/comments?post=8228"}],"version-history":[{"count":1,"href":"https:\/\/www.hospicjumcieszyn.pl\/de\/wp-json\/wp\/v2\/posts\/8228\/revisions"}],"predecessor-version":[{"id":8229,"href":"https:\/\/www.hospicjumcieszyn.pl\/de\/wp-json\/wp\/v2\/posts\/8228\/revisions\/8229"}],"wp:attachment":[{"href":"https:\/\/www.hospicjumcieszyn.pl\/de\/wp-json\/wp\/v2\/media?parent=8228"}],"wp:term":[{"taxonomy":"category","embeddable":true,"href":"https:\/\/www.hospicjumcieszyn.pl\/de\/wp-json\/wp\/v2\/categories?post=8228"},{"taxonomy":"post_tag","embeddable":true,"href":"https:\/\/www.hospicjumcieszyn.pl\/de\/wp-json\/wp\/v2\/tags?post=8228"}],"curies":[{"name":"wp","href":"https:\/\/api.w.org\/{rel}","templated":true}]}}