{"id":8388,"date":"2023-08-11T08:39:06","date_gmt":"2023-08-11T06:39:06","guid":{"rendered":"https:\/\/www.hospicjumcieszyn.pl\/?p=8388"},"modified":"2023-08-11T08:39:08","modified_gmt":"2023-08-11T06:39:08","slug":"zmiana-dyzuru","status":"publish","type":"post","link":"https:\/\/www.hospicjumcieszyn.pl\/de\/zmiana-dyzuru\/","title":{"rendered":"Zmiana dy\u017curu"},"content":{"rendered":"\n<p>Informujemy, \u017ce dnia 15 sierpnia, tj. wtorek ze wzgl\u0119du na dzie\u0144 wolny (\u015bwi\u0119to) Hospicjum nie prowadzi dy\u017curu w biurze ul. W\u0105ska 2. Kolejny dy\u017cur odb\u0119dzie si\u0119 16 sierpnia w \u015brod\u0119 w godzinach 15.30-16.30.<\/p>\n","protected":false},"excerpt":{"rendered":"<p>Informujemy, \u017ce dnia 15 sierpnia, tj. wtorek ze wzgl\u0119du na dzie\u0144 wolny (\u015bwi\u0119to) Hospicjum nie prowadzi dy\u017curu w biurze ul. W\u0105ska 2. Kolejny dy\u017cur odb\u0119dzie si\u0119 16 sierpnia w \u015brod\u0119 w godzinach 15.30-16.30.<\/p>\n","protected":false},"author":5,"featured_media":0,"comment_status":"closed","ping_status":"closed","sticky":false,"template":"","format":"standard","meta":{"footnotes":""},"categories":[1],"tags":[],"acf":[],"_links":{"self":[{"href":"https:\/\/www.hospicjumcieszyn.pl\/de\/wp-json\/wp\/v2\/posts\/8388"}],"collection":[{"href":"https:\/\/www.hospicjumcieszyn.pl\/de\/wp-json\/wp\/v2\/posts"}],"about":[{"href":"https:\/\/www.hospicjumcieszyn.pl\/de\/wp-json\/wp\/v2\/types\/post"}],"author":[{"embeddable":true,"href":"https:\/\/www.hospicjumcieszyn.pl\/de\/wp-json\/wp\/v2\/users\/5"}],"replies":[{"embeddable":true,"href":"https:\/\/www.hospicjumcieszyn.pl\/de\/wp-json\/wp\/v2\/comments?post=8388"}],"version-history":[{"count":1,"href":"https:\/\/www.hospicjumcieszyn.pl\/de\/wp-json\/wp\/v2\/posts\/8388\/revisions"}],"predecessor-version":[{"id":8389,"href":"https:\/\/www.hospicjumcieszyn.pl\/de\/wp-json\/wp\/v2\/posts\/8388\/revisions\/8389"}],"wp:attachment":[{"href":"https:\/\/www.hospicjumcieszyn.pl\/de\/wp-json\/wp\/v2\/media?parent=8388"}],"wp:term":[{"taxonomy":"category","embeddable":true,"href":"https:\/\/www.hospicjumcieszyn.pl\/de\/wp-json\/wp\/v2\/categories?post=8388"},{"taxonomy":"post_tag","embeddable":true,"href":"https:\/\/www.hospicjumcieszyn.pl\/de\/wp-json\/wp\/v2\/tags?post=8388"}],"curies":[{"name":"wp","href":"https:\/\/api.w.org\/{rel}","templated":true}]}}