{"id":8567,"date":"2023-08-31T20:35:14","date_gmt":"2023-08-31T18:35:14","guid":{"rendered":"https:\/\/www.hospicjumcieszyn.pl\/?p=8567"},"modified":"2023-08-31T20:35:15","modified_gmt":"2023-08-31T18:35:15","slug":"przekladaniec-cieszynski","status":"publish","type":"post","link":"https:\/\/www.hospicjumcieszyn.pl\/de\/przekladaniec-cieszynski\/","title":{"rendered":"Przek\u0142adaniec cieszy\u0144ski"},"content":{"rendered":"\n<p>Zapraszamy na &#8220;KIERMASZ KSI\u0104\u017bKI PRZECZYTANEJ&#8221;, kt\u00f3ry organizuj\u0105 dla nas pracownicy firmy PPG People Polska. Podczas festiwalu organizacji pozarz\u0105dowych CIESZY\u0143SKI PRZEK\u0141ADANIEC 2 wrze\u015bnia 2023 b\u0119dziecie mogli wesprze\u0107 nasze Hospicjum.<\/p>\n\n\n\n<p>Do zobaczenia w sobot\u0119. \ud83d\udc9b\ud83d\udc9b\ud83d\udc9b<\/p>\n\n\n\n<figure class=\"wp-block-image size-large\"><img loading=\"lazy\" decoding=\"async\" width=\"408\" height=\"726\" src=\"https:\/\/www.hospicjumcieszyn.pl\/wp-content\/uploads\/2023\/08\/Cyan-Illustration-Books-Thank-You-Instagram-Story-408x726.jpg\" alt=\"\" class=\"wp-image-8568\" srcset=\"https:\/\/www.hospicjumcieszyn.pl\/wp-content\/uploads\/2023\/08\/Cyan-Illustration-Books-Thank-You-Instagram-Story-408x726.jpg 408w, https:\/\/www.hospicjumcieszyn.pl\/wp-content\/uploads\/2023\/08\/Cyan-Illustration-Books-Thank-You-Instagram-Story-204x363.jpg 204w, https:\/\/www.hospicjumcieszyn.pl\/wp-content\/uploads\/2023\/08\/Cyan-Illustration-Books-Thank-You-Instagram-Story-135x240.jpg 135w, https:\/\/www.hospicjumcieszyn.pl\/wp-content\/uploads\/2023\/08\/Cyan-Illustration-Books-Thank-You-Instagram-Story-768x1365.jpg 768w, https:\/\/www.hospicjumcieszyn.pl\/wp-content\/uploads\/2023\/08\/Cyan-Illustration-Books-Thank-You-Instagram-Story-864x1536.jpg 864w, https:\/\/www.hospicjumcieszyn.pl\/wp-content\/uploads\/2023\/08\/Cyan-Illustration-Books-Thank-You-Instagram-Story.jpg 1080w\" sizes=\"(max-width: 408px) 100vw, 408px\" \/><\/figure>\n","protected":false},"excerpt":{"rendered":"<p>Zapraszamy na &#8220;KIERMASZ KSI\u0104\u017bKI PRZECZYTANEJ&#8221;, kt\u00f3ry organizuj\u0105 dla nas pracownicy firmy PPG People Polska. Podczas festiwalu organizacji pozarz\u0105dowych CIESZY\u0143SKI PRZEK\u0141ADANIEC 2 wrze\u015bnia 2023 b\u0119dziecie mogli wesprze\u0107 nasze Hospicjum. Do zobaczenia w sobot\u0119. \ud83d\udc9b\ud83d\udc9b\ud83d\udc9b<\/p>\n","protected":false},"author":5,"featured_media":0,"comment_status":"closed","ping_status":"closed","sticky":false,"template":"","format":"standard","meta":{"footnotes":""},"categories":[1,8],"tags":[],"acf":[],"_links":{"self":[{"href":"https:\/\/www.hospicjumcieszyn.pl\/de\/wp-json\/wp\/v2\/posts\/8567"}],"collection":[{"href":"https:\/\/www.hospicjumcieszyn.pl\/de\/wp-json\/wp\/v2\/posts"}],"about":[{"href":"https:\/\/www.hospicjumcieszyn.pl\/de\/wp-json\/wp\/v2\/types\/post"}],"author":[{"embeddable":true,"href":"https:\/\/www.hospicjumcieszyn.pl\/de\/wp-json\/wp\/v2\/users\/5"}],"replies":[{"embeddable":true,"href":"https:\/\/www.hospicjumcieszyn.pl\/de\/wp-json\/wp\/v2\/comments?post=8567"}],"version-history":[{"count":1,"href":"https:\/\/www.hospicjumcieszyn.pl\/de\/wp-json\/wp\/v2\/posts\/8567\/revisions"}],"predecessor-version":[{"id":8571,"href":"https:\/\/www.hospicjumcieszyn.pl\/de\/wp-json\/wp\/v2\/posts\/8567\/revisions\/8571"}],"wp:attachment":[{"href":"https:\/\/www.hospicjumcieszyn.pl\/de\/wp-json\/wp\/v2\/media?parent=8567"}],"wp:term":[{"taxonomy":"category","embeddable":true,"href":"https:\/\/www.hospicjumcieszyn.pl\/de\/wp-json\/wp\/v2\/categories?post=8567"},{"taxonomy":"post_tag","embeddable":true,"href":"https:\/\/www.hospicjumcieszyn.pl\/de\/wp-json\/wp\/v2\/tags?post=8567"}],"curies":[{"name":"wp","href":"https:\/\/api.w.org\/{rel}","templated":true}]}}