{"id":94,"date":"2012-02-19T23:49:03","date_gmt":"2012-02-19T22:49:03","guid":{"rendered":"http:\/\/hospicjumcieszyn.pl\/?p=94"},"modified":"2013-10-08T18:12:53","modified_gmt":"2013-10-08T16:12:53","slug":"zebranie-walne","status":"publish","type":"post","link":"https:\/\/www.hospicjumcieszyn.pl\/de\/zebranie-walne\/","title":{"rendered":"Zebranie walne!"},"content":{"rendered":"<p>Wszystkich cz\u0142onk\u00f3w i sympatyk\u00f3w naszego Hospicjum zapraszamy serdecznie na Walne Zebranie, kt\u00f3rego termin przesun\u0119li\u015bmy na czwartek-8 marca na g.17.00. Miejscem spotkania jest klasztor oo. Franciszkan\u00f3w przy ul. Szersznika. Musimy uzupe\u0142ni\u0107 Zarz\u0105d i wprowadzi\u0107 drobne zmiany w celach statutowych.<\/p>\n","protected":false},"excerpt":{"rendered":"<p>Wszystkich cz\u0142onk\u00f3w i sympatyk\u00f3w naszego Hospicjum zapraszamy serdecznie na Walne Zebranie, kt\u00f3rego termin przesun\u0119li\u015bmy na czwartek-8 marca na g.17.00. Miejscem spotkania jest klasztor oo. Franciszkan\u00f3w przy ul. Szersznika. Musimy uzupe\u0142ni\u0107 Zarz\u0105d i wprowadzi\u0107 drobne zmiany w celach statutowych.<\/p>\n","protected":false},"author":1,"featured_media":0,"comment_status":"closed","ping_status":"closed","sticky":false,"template":"","format":"standard","meta":{"footnotes":""},"categories":[6],"tags":[],"acf":[],"_links":{"self":[{"href":"https:\/\/www.hospicjumcieszyn.pl\/de\/wp-json\/wp\/v2\/posts\/94"}],"collection":[{"href":"https:\/\/www.hospicjumcieszyn.pl\/de\/wp-json\/wp\/v2\/posts"}],"about":[{"href":"https:\/\/www.hospicjumcieszyn.pl\/de\/wp-json\/wp\/v2\/types\/post"}],"author":[{"embeddable":true,"href":"https:\/\/www.hospicjumcieszyn.pl\/de\/wp-json\/wp\/v2\/users\/1"}],"replies":[{"embeddable":true,"href":"https:\/\/www.hospicjumcieszyn.pl\/de\/wp-json\/wp\/v2\/comments?post=94"}],"version-history":[{"count":4,"href":"https:\/\/www.hospicjumcieszyn.pl\/de\/wp-json\/wp\/v2\/posts\/94\/revisions"}],"predecessor-version":[{"id":898,"href":"https:\/\/www.hospicjumcieszyn.pl\/de\/wp-json\/wp\/v2\/posts\/94\/revisions\/898"}],"wp:attachment":[{"href":"https:\/\/www.hospicjumcieszyn.pl\/de\/wp-json\/wp\/v2\/media?parent=94"}],"wp:term":[{"taxonomy":"category","embeddable":true,"href":"https:\/\/www.hospicjumcieszyn.pl\/de\/wp-json\/wp\/v2\/categories?post=94"},{"taxonomy":"post_tag","embeddable":true,"href":"https:\/\/www.hospicjumcieszyn.pl\/de\/wp-json\/wp\/v2\/tags?post=94"}],"curies":[{"name":"wp","href":"https:\/\/api.w.org\/{rel}","templated":true}]}}