{"id":1008,"date":"2014-01-02T20:09:40","date_gmt":"2014-01-02T19:09:40","guid":{"rendered":"https:\/\/www.hospicjumcieszyn.pl\/?p=1008"},"modified":"2014-01-09T20:48:30","modified_gmt":"2014-01-09T19:48:30","slug":"koledowanie-na-rzecz-hospicjum","status":"publish","type":"post","link":"https:\/\/www.hospicjumcieszyn.pl\/en\/koledowanie-na-rzecz-hospicjum\/","title":{"rendered":"Kol\u0119dowanie na rzecz Hospicjum"},"content":{"rendered":"<p style=\"text-align: justify;\">U progu Nowego Roku, trwaj\u0105c w rado\u015bci, jak\u0105 niesie z sob\u0105 \u015bwi\u0119towanie Bo\u017cego Narodzenia, zapraszamy wszystkich na styczniowe koncerty kol\u0119dowe na rzecz naszego Hospicjum.<\/p>\n<p style=\"text-align: justify;\">Pierwszy z koncert\u00f3w &#8211; &#8220;Kol\u0119dy spod Z\u0142otego Gronia&#8221; w wykonaniu Kapeli Wa\u0142asi ju\u017c w najbli\u017csz\u0105 niedziel\u0119 5 stycznia o godzinie 16.00 w Cafe Muzeum przy ul. Regera w Cieszynie.<\/p>\n<p style=\"text-align: justify;\">W sobot\u0119 11 stycznia o godzinie 17.00 w ko\u015bciele oo. bonifratr\u00f3w w Cieszynie odb\u0119dzie si\u0119 z kolei koncert kol\u0119dowy zespo\u0142\u00f3w ludowych, organizowany przez Macierz Ziemi Cieszy\u0144skiej.<\/p>\n<p style=\"text-align: justify;\">Serdecznie wszystkich zapraszamy do wsp\u00f3lnego kol\u0119dowania!<\/p>\n","protected":false},"excerpt":{"rendered":"<p>U progu Nowego Roku, trwaj\u0105c w rado\u015bci, jak\u0105 niesie z sob\u0105 \u015bwi\u0119towanie Bo\u017cego Narodzenia, zapraszamy wszystkich na styczniowe koncerty kol\u0119dowe na rzecz naszego Hospicjum. Pierwszy z koncert\u00f3w &#8211; &#8220;Kol\u0119dy spod Z\u0142otego Gronia&#8221; w wykonaniu Kapeli Wa\u0142asi ju\u017c w najbli\u017csz\u0105 niedziel\u0119 5 stycznia o godzinie 16.00 w Cafe Muzeum przy ul. Regera w Cieszynie. W sobot\u0119 &#8230; <a title=\"Kol\u0119dowanie na rzecz Hospicjum\" class=\"read-more\" href=\"https:\/\/www.hospicjumcieszyn.pl\/en\/koledowanie-na-rzecz-hospicjum\/\" aria-label=\"More on Kol\u0119dowanie na rzecz Hospicjum\">Read more<\/a><\/p>\n","protected":false},"author":4,"featured_media":0,"comment_status":"closed","ping_status":"closed","sticky":false,"template":"","format":"standard","meta":{"footnotes":""},"categories":[1],"tags":[],"acf":[],"_links":{"self":[{"href":"https:\/\/www.hospicjumcieszyn.pl\/en\/wp-json\/wp\/v2\/posts\/1008"}],"collection":[{"href":"https:\/\/www.hospicjumcieszyn.pl\/en\/wp-json\/wp\/v2\/posts"}],"about":[{"href":"https:\/\/www.hospicjumcieszyn.pl\/en\/wp-json\/wp\/v2\/types\/post"}],"author":[{"embeddable":true,"href":"https:\/\/www.hospicjumcieszyn.pl\/en\/wp-json\/wp\/v2\/users\/4"}],"replies":[{"embeddable":true,"href":"https:\/\/www.hospicjumcieszyn.pl\/en\/wp-json\/wp\/v2\/comments?post=1008"}],"version-history":[{"count":4,"href":"https:\/\/www.hospicjumcieszyn.pl\/en\/wp-json\/wp\/v2\/posts\/1008\/revisions"}],"predecessor-version":[{"id":1019,"href":"https:\/\/www.hospicjumcieszyn.pl\/en\/wp-json\/wp\/v2\/posts\/1008\/revisions\/1019"}],"wp:attachment":[{"href":"https:\/\/www.hospicjumcieszyn.pl\/en\/wp-json\/wp\/v2\/media?parent=1008"}],"wp:term":[{"taxonomy":"category","embeddable":true,"href":"https:\/\/www.hospicjumcieszyn.pl\/en\/wp-json\/wp\/v2\/categories?post=1008"},{"taxonomy":"post_tag","embeddable":true,"href":"https:\/\/www.hospicjumcieszyn.pl\/en\/wp-json\/wp\/v2\/tags?post=1008"}],"curies":[{"name":"wp","href":"https:\/\/api.w.org\/{rel}","templated":true}]}}