{"id":1025,"date":"2014-01-15T18:38:49","date_gmt":"2014-01-15T17:38:49","guid":{"rendered":"https:\/\/www.hospicjumcieszyn.pl\/?p=1025"},"modified":"2014-01-17T18:41:59","modified_gmt":"2014-01-17T17:41:59","slug":"udane-koledowanie","status":"publish","type":"post","link":"https:\/\/www.hospicjumcieszyn.pl\/en\/udane-koledowanie\/","title":{"rendered":"Udane kol\u0119dowanie"},"content":{"rendered":"<p style=\"text-align: justify;\">Za nami udane dwa koncerty kol\u0119dowe na rzecz Hospicjum.<\/p>\n<p style=\"text-align: justify;\">Pierwszy &#8211; &#8220;Kol\u0119dy spod Z\u0142otego Gronia&#8221; w wykonaniu Kapeli Wa\u0142asi odby\u0142 si\u0119 5 stycznia w Cafe Muzeum, a tydzie\u0144 p\u00f3\u017aniej &#8211; 11 stycznia, dzi\u0119ki inicjatywie pana J\u00f3zefa Swakonia z ko\u0142a Macierz Ziemi Cieszy\u0144skiej nr 6, po raz kolejny uda\u0142o si\u0119 zorganizowa\u0107 koncert kol\u0119d w wykonaniu zespo\u0142\u00f3w regionalnych. Tym razem by\u0142a to Estrada Regionalna R\u00f3wnica z Ustronia oraz kapela Novina\u00a0ze S\u0142owacji.<\/p>\n<p>Wspania\u0142y \u015bpiew zosta\u0142 nagrodzony przez widz\u00f3w brawami na stoj\u0105co!<\/p>\n<div id='gallery-1' class='gallery galleryid-1025 gallery-columns-3 gallery-size-thumbnail'><figure class='gallery-item'>\n\t\t\t<div class='gallery-icon landscape'>\n\t\t\t\t<a href='https:\/\/www.hospicjumcieszyn.pl\/en\/dsc07340-2\/'><img loading=\"lazy\" decoding=\"async\" width=\"180\" height=\"135\" src=\"https:\/\/www.hospicjumcieszyn.pl\/wp-content\/uploads\/2014\/01\/DSC07340-180x135.jpg\" class=\"attachment-thumbnail size-thumbnail\" alt=\"\" srcset=\"https:\/\/www.hospicjumcieszyn.pl\/wp-content\/uploads\/2014\/01\/DSC07340-180x135.jpg 180w, https:\/\/www.hospicjumcieszyn.pl\/wp-content\/uploads\/2014\/01\/DSC07340-363x272.jpg 363w, https:\/\/www.hospicjumcieszyn.pl\/wp-content\/uploads\/2014\/01\/DSC07340-726x544.jpg 726w, https:\/\/www.hospicjumcieszyn.pl\/wp-content\/uploads\/2014\/01\/DSC07340.jpg 1024w\" sizes=\"(max-width: 180px) 100vw, 180px\" \/><\/a>\n\t\t\t<\/div><\/figure><figure class='gallery-item'>\n\t\t\t<div class='gallery-icon landscape'>\n\t\t\t\t<a href='https:\/\/www.hospicjumcieszyn.pl\/en\/dsc07353-2\/'><img loading=\"lazy\" decoding=\"async\" width=\"180\" height=\"135\" src=\"https:\/\/www.hospicjumcieszyn.pl\/wp-content\/uploads\/2014\/01\/DSC07353-180x135.jpg\" class=\"attachment-thumbnail size-thumbnail\" alt=\"\" srcset=\"https:\/\/www.hospicjumcieszyn.pl\/wp-content\/uploads\/2014\/01\/DSC07353-180x135.jpg 180w, https:\/\/www.hospicjumcieszyn.pl\/wp-content\/uploads\/2014\/01\/DSC07353-363x272.jpg 363w, https:\/\/www.hospicjumcieszyn.pl\/wp-content\/uploads\/2014\/01\/DSC07353-726x544.jpg 726w, https:\/\/www.hospicjumcieszyn.pl\/wp-content\/uploads\/2014\/01\/DSC07353.jpg 1024w\" sizes=\"(max-width: 180px) 100vw, 180px\" \/><\/a>\n\t\t\t<\/div><\/figure><figure class='gallery-item'>\n\t\t\t<div class='gallery-icon landscape'>\n\t\t\t\t<a href='https:\/\/www.hospicjumcieszyn.pl\/en\/dsc07345-2\/'><img loading=\"lazy\" decoding=\"async\" width=\"180\" height=\"135\" src=\"https:\/\/www.hospicjumcieszyn.pl\/wp-content\/uploads\/2014\/01\/DSC07345-180x135.jpg\" class=\"attachment-thumbnail size-thumbnail\" alt=\"\" srcset=\"https:\/\/www.hospicjumcieszyn.pl\/wp-content\/uploads\/2014\/01\/DSC07345-180x135.jpg 180w, https:\/\/www.hospicjumcieszyn.pl\/wp-content\/uploads\/2014\/01\/DSC07345-363x272.jpg 363w, https:\/\/www.hospicjumcieszyn.pl\/wp-content\/uploads\/2014\/01\/DSC07345-726x544.jpg 726w, https:\/\/www.hospicjumcieszyn.pl\/wp-content\/uploads\/2014\/01\/DSC07345.jpg 1024w\" sizes=\"(max-width: 180px) 100vw, 180px\" \/><\/a>\n\t\t\t<\/div><\/figure><figure class='gallery-item'>\n\t\t\t<div class='gallery-icon landscape'>\n\t\t\t\t<a href='https:\/\/www.hospicjumcieszyn.pl\/en\/dsc07348-2\/'><img loading=\"lazy\" decoding=\"async\" width=\"180\" height=\"135\" src=\"https:\/\/www.hospicjumcieszyn.pl\/wp-content\/uploads\/2014\/01\/DSC07348-180x135.jpg\" class=\"attachment-thumbnail size-thumbnail\" alt=\"\" srcset=\"https:\/\/www.hospicjumcieszyn.pl\/wp-content\/uploads\/2014\/01\/DSC07348-180x135.jpg 180w, https:\/\/www.hospicjumcieszyn.pl\/wp-content\/uploads\/2014\/01\/DSC07348-363x272.jpg 363w, https:\/\/www.hospicjumcieszyn.pl\/wp-content\/uploads\/2014\/01\/DSC07348-726x544.jpg 726w, https:\/\/www.hospicjumcieszyn.pl\/wp-content\/uploads\/2014\/01\/DSC07348.jpg 1024w\" sizes=\"(max-width: 180px) 100vw, 180px\" \/><\/a>\n\t\t\t<\/div><\/figure><figure class='gallery-item'>\n\t\t\t<div class='gallery-icon landscape'>\n\t\t\t\t<a href='https:\/\/www.hospicjumcieszyn.pl\/en\/dsc07349-2\/'><img loading=\"lazy\" decoding=\"async\" width=\"180\" height=\"102\" src=\"https:\/\/www.hospicjumcieszyn.pl\/wp-content\/uploads\/2014\/01\/DSC07349-180x102.jpg\" class=\"attachment-thumbnail size-thumbnail\" alt=\"\" srcset=\"https:\/\/www.hospicjumcieszyn.pl\/wp-content\/uploads\/2014\/01\/DSC07349-180x102.jpg 180w, https:\/\/www.hospicjumcieszyn.pl\/wp-content\/uploads\/2014\/01\/DSC07349-363x207.jpg 363w, https:\/\/www.hospicjumcieszyn.pl\/wp-content\/uploads\/2014\/01\/DSC07349-726x414.jpg 726w, https:\/\/www.hospicjumcieszyn.pl\/wp-content\/uploads\/2014\/01\/DSC07349.jpg 1024w\" sizes=\"(max-width: 180px) 100vw, 180px\" \/><\/a>\n\t\t\t<\/div><\/figure><figure class='gallery-item'>\n\t\t\t<div class='gallery-icon landscape'>\n\t\t\t\t<a href='https:\/\/www.hospicjumcieszyn.pl\/en\/dsc07350-2\/'><img loading=\"lazy\" decoding=\"async\" width=\"180\" height=\"135\" src=\"https:\/\/www.hospicjumcieszyn.pl\/wp-content\/uploads\/2014\/01\/DSC07350-180x135.jpg\" class=\"attachment-thumbnail size-thumbnail\" alt=\"\" srcset=\"https:\/\/www.hospicjumcieszyn.pl\/wp-content\/uploads\/2014\/01\/DSC07350-180x135.jpg 180w, https:\/\/www.hospicjumcieszyn.pl\/wp-content\/uploads\/2014\/01\/DSC07350-363x272.jpg 363w, https:\/\/www.hospicjumcieszyn.pl\/wp-content\/uploads\/2014\/01\/DSC07350-726x544.jpg 726w, https:\/\/www.hospicjumcieszyn.pl\/wp-content\/uploads\/2014\/01\/DSC07350.jpg 1024w\" sizes=\"(max-width: 180px) 100vw, 180px\" \/><\/a>\n\t\t\t<\/div><\/figure>\n\t\t<\/div>\n\n","protected":false},"excerpt":{"rendered":"<p>Za nami udane dwa koncerty kol\u0119dowe na rzecz Hospicjum. Pierwszy &#8211; &#8220;Kol\u0119dy spod Z\u0142otego Gronia&#8221; w wykonaniu Kapeli Wa\u0142asi odby\u0142 si\u0119 5 stycznia w Cafe Muzeum, a tydzie\u0144 p\u00f3\u017aniej &#8211; 11 stycznia, dzi\u0119ki inicjatywie pana J\u00f3zefa Swakonia z ko\u0142a Macierz Ziemi Cieszy\u0144skiej nr 6, po raz kolejny uda\u0142o si\u0119 zorganizowa\u0107 koncert kol\u0119d w wykonaniu zespo\u0142\u00f3w &#8230; <a title=\"Udane kol\u0119dowanie\" class=\"read-more\" href=\"https:\/\/www.hospicjumcieszyn.pl\/en\/udane-koledowanie\/\" aria-label=\"More on Udane kol\u0119dowanie\">Read more<\/a><\/p>\n","protected":false},"author":4,"featured_media":1027,"comment_status":"closed","ping_status":"closed","sticky":false,"template":"","format":"standard","meta":{"footnotes":""},"categories":[1],"tags":[],"acf":[],"_links":{"self":[{"href":"https:\/\/www.hospicjumcieszyn.pl\/en\/wp-json\/wp\/v2\/posts\/1025"}],"collection":[{"href":"https:\/\/www.hospicjumcieszyn.pl\/en\/wp-json\/wp\/v2\/posts"}],"about":[{"href":"https:\/\/www.hospicjumcieszyn.pl\/en\/wp-json\/wp\/v2\/types\/post"}],"author":[{"embeddable":true,"href":"https:\/\/www.hospicjumcieszyn.pl\/en\/wp-json\/wp\/v2\/users\/4"}],"replies":[{"embeddable":true,"href":"https:\/\/www.hospicjumcieszyn.pl\/en\/wp-json\/wp\/v2\/comments?post=1025"}],"version-history":[{"count":1,"href":"https:\/\/www.hospicjumcieszyn.pl\/en\/wp-json\/wp\/v2\/posts\/1025\/revisions"}],"predecessor-version":[{"id":1032,"href":"https:\/\/www.hospicjumcieszyn.pl\/en\/wp-json\/wp\/v2\/posts\/1025\/revisions\/1032"}],"wp:featuredmedia":[{"embeddable":true,"href":"https:\/\/www.hospicjumcieszyn.pl\/en\/wp-json\/wp\/v2\/media\/1027"}],"wp:attachment":[{"href":"https:\/\/www.hospicjumcieszyn.pl\/en\/wp-json\/wp\/v2\/media?parent=1025"}],"wp:term":[{"taxonomy":"category","embeddable":true,"href":"https:\/\/www.hospicjumcieszyn.pl\/en\/wp-json\/wp\/v2\/categories?post=1025"},{"taxonomy":"post_tag","embeddable":true,"href":"https:\/\/www.hospicjumcieszyn.pl\/en\/wp-json\/wp\/v2\/tags?post=1025"}],"curies":[{"name":"wp","href":"https:\/\/api.w.org\/{rel}","templated":true}]}}